{"id":35854,"date":"2023-10-09T09:00:00","date_gmt":"2023-10-09T08:00:00","guid":{"rendered":"https:\/\/swissmig.wordpress.com\/?p=35854"},"modified":"2023-10-09T09:00:00","modified_gmt":"2023-10-09T08:00:00","slug":"innover-sans-frontiere-limportance-de-limmigration-pour-linnovation-en-suisse","status":"publish","type":"post","link":"https:\/\/swissmig.unine.ch\/?p=35854","title":{"rendered":"Innover sans fronti\u00e8re : l&#8217;importance de l&#8217;immigration pour l&#8217;innovation en Suisse"},"content":{"rendered":"<h3>Author(s) : Patrick Leisibach, Patrick Schnell, Laurenz Grabher<\/h3>\n<h3>Source : <a href=\"https:\/\/avenir-suisse.ch\/fr\/publication\/innover-sans-frontiere\/\" target=\"_blank\" rel=\"noopener\">https:\/\/avenir-suisse.ch\/fr\/publication\/innover-sans-frontiere\/<\/a><\/h3>\n<p><strong>Abstract: <\/strong><!--more--><\/p>\n<blockquote><p>La croissance de la population li\u00e9e \u00e0 l\u2019immigration est de plus en plus critiqu\u00e9e, peu importe les milieux politiques. Le discours polaris\u00e9 est marqu\u00e9 par des inqui\u00e9tudes l\u00e9gitimes, mais il manque des faits et des chiffres av\u00e9r\u00e9s. Une meilleure compr\u00e9hension des multiples facettes de la migration de travail s\u2019impose. La nouvelle \u00e9tude d\u2019Avenir Suisse, \u00abInnover sans fronti\u00e8re\u00bb, se penche sur un aspect jusqu\u2019ici peu \u00e9tudi\u00e9, mais primordial pour la Suisse.<\/p><\/blockquote>\n","protected":false},"excerpt":{"rendered":"<p>Author(s) : Patrick Leisibach, Patrick Schnell, Laurenz Grabher Source :&#8230;<\/p>\n","protected":false},"author":4,"featured_media":0,"comment_status":"open","ping_status":"open","sticky":false,"template":"","format":"standard","meta":{"_kadence_starter_templates_imported_post":false,"_kad_post_transparent":"","_kad_post_title":"","_kad_post_layout":"","_kad_post_sidebar_id":"","_kad_post_content_style":"","_kad_post_vertical_padding":"","_kad_post_feature":"","_kad_post_feature_position":"","_kad_post_header":false,"_kad_post_footer":false,"_kad_post_classname":"","jetpack_post_was_ever_published":false,"_jetpack_newsletter_access":"","_jetpack_dont_email_post_to_subs":false,"_jetpack_newsletter_tier_id":0,"_jetpack_memberships_contains_paywalled_content":false,"_jetpack_memberships_contains_paid_content":false,"footnotes":""},"categories":[16],"tags":[739,552,15,176,52,55,601,19,83,100,249],"class_list":["post-35854","post","type-post","status-publish","format-standard","hentry","category-economics","tag-739","tag-demographic-impact","tag-economic-impact","tag-economic-integration","tag-french-language","tag-high-skilled-immigrants","tag-innovation","tag-labour-market","tag-labour-market-policy","tag-labour-migration","tag-report"],"jetpack_featured_media_url":"","jetpack_sharing_enabled":true,"_links":{"self":[{"href":"https:\/\/swissmig.unine.ch\/index.php?rest_route=\/wp\/v2\/posts\/35854","targetHints":{"allow":["GET"]}}],"collection":[{"href":"https:\/\/swissmig.unine.ch\/index.php?rest_route=\/wp\/v2\/posts"}],"about":[{"href":"https:\/\/swissmig.unine.ch\/index.php?rest_route=\/wp\/v2\/types\/post"}],"author":[{"embeddable":true,"href":"https:\/\/swissmig.unine.ch\/index.php?rest_route=\/wp\/v2\/users\/4"}],"replies":[{"embeddable":true,"href":"https:\/\/swissmig.unine.ch\/index.php?rest_route=%2Fwp%2Fv2%2Fcomments&post=35854"}],"version-history":[{"count":0,"href":"https:\/\/swissmig.unine.ch\/index.php?rest_route=\/wp\/v2\/posts\/35854\/revisions"}],"wp:attachment":[{"href":"https:\/\/swissmig.unine.ch\/index.php?rest_route=%2Fwp%2Fv2%2Fmedia&parent=35854"}],"wp:term":[{"taxonomy":"category","embeddable":true,"href":"https:\/\/swissmig.unine.ch\/index.php?rest_route=%2Fwp%2Fv2%2Fcategories&post=35854"},{"taxonomy":"post_tag","embeddable":true,"href":"https:\/\/swissmig.unine.ch\/index.php?rest_route=%2Fwp%2Fv2%2Ftags&post=35854"}],"curies":[{"name":"wp","href":"https:\/\/api.w.org\/{rel}","templated":true}]}}