{"id":35835,"date":"2023-10-02T08:00:00","date_gmt":"2023-10-02T07:00:00","guid":{"rendered":"https:\/\/swissmig.wordpress.com\/?p=35835"},"modified":"2023-10-02T08:00:00","modified_gmt":"2023-10-02T07:00:00","slug":"acquisitions-de-la-nationalite-suisse-de-lintention-a-limmobilite","status":"publish","type":"post","link":"https:\/\/swissmig.unine.ch\/?p=35835","title":{"rendered":"Acquisitions de la nationalit\u00e9 suisse : de l&#8217;intention \u00e0 l'(im)mobilit\u00e9"},"content":{"rendered":"<h3><strong>Author(s)<\/strong> : Aur\u00e9lie Pont<\/h3>\n<h3>Source : <a href=\"https:\/\/doi.org\/10.13097\/archive-ouverte\/unige:171338\" target=\"_blank\" rel=\"noopener\">https:\/\/doi.org\/10.13097\/archive-ouverte\/unige:171338<\/a><\/h3>\n<p><strong>Abstract: <\/strong><!--more--><\/p>\n<blockquote><p>&#8220;D&#8217;un point de vue d\u00e9mographique, la naturalisation constitue un passage administratif et juridique entre les populations \u00e9trang\u00e8re et nationale. Toutefois, plus qu&#8217;une modification de la r\u00e9partition entre deux populations, les changements de nationalit\u00e9 ont aussi une port\u00e9e qui va au-del\u00e0 des chiffres ; ils impactent la perception de la pr\u00e9sence \u00e9trang\u00e8re sur un territoire donn\u00e9 et, par cons\u00e9quent, les narratifs qui en r\u00e9sultent. Cet \u00e9l\u00e9ment s&#8217;av\u00e8re crucial dans un contexte comme la Suisse o\u00f9 les questions relatives aux \u00e9tranger.\u00e8res ou \u00e0 l&#8217;immigration connaissent de fortes pressions m\u00e9diatique et politique. Ceci est notamment d\u00fb \u00e0 une croissance continue de la proportion d&#8217;\u00e9tranger.\u00e8res, depuis les ann\u00e9es 1980, qui atteint, en 2021, plus d&#8217;un quart de la population r\u00e9sidente. D\u00e8s lors, saisir et appr\u00e9hender le ph\u00e9nom\u00e8ne de la naturalisation permet de faire \u00e9cho \u00e0 des questions de coh\u00e9sion sociale, de vivre ensemble voire, dans certains cas, d&#8217;in\u00e9galit\u00e9s sociales. En effet, outre un impact soci\u00e9tal, la naturalisation d\u00e9ploie aussi des effets sur diff\u00e9rents pans de la vie des individus, notamment en mati\u00e8re de mobilit\u00e9s ou d&#8217;int\u00e9grations \u00e9conomique, sociale et politique, et exerce ainsi une influence d\u00e9terminante sur les trajectoires de vie.<\/p>\n<div class=\"info-wrapper ng-star-inserted\">\n<div class=\"info no-icon\">\n<div class=\"label-value-wrapper label-above-value\">\n<p>Cette th\u00e8se permet d&#8217;enrichir notre compr\u00e9hension du processus de naturalisation ainsi que de diff\u00e9rentes \u00e9tapes qui le constituent, en s&#8217;appuyant sur le cas particulier de la Suisse. Outre une mise en lumi\u00e8re des tendances et enjeux contemporains de la naturalisation par voies ordinaire et facilit\u00e9e en Suisse, ce manuscrit documente \u00e9galement certaines disparit\u00e9s d&#8217;acc\u00e8s au passeport. Que ces disparit\u00e9s rel\u00e8vent de contraintes l\u00e9gales ou d&#8217;une volont\u00e9 propre, elles alimentent des r\u00e9flexions sur la politique suisse et les pratiques en mati\u00e8re d&#8217;acquisition de la nationalit\u00e9. Dans ce cadre, certains facteurs d&#8217;inclusion ou d&#8217;exclusion caract\u00e9ristiques de la politique de naturalisation suisse ainsi que des \u00e9l\u00e9ments d&#8217;encouragement ou de d\u00e9couragement \u00e0 aspirer ou initier une proc\u00e9dure ont \u00e9t\u00e9 identifi\u00e9s. Par ailleurs, bien qu&#8217;\u00e9clairant en premier lieu le ph\u00e9nom\u00e8ne des naturalisations dans le contexte helv\u00e9tique, les r\u00e9sultats mis en exergue dans cette th\u00e8se soul\u00e8vent \u00e9galement des questionnements ayant une port\u00e9e plus g\u00e9n\u00e9rale. En effet, ils contextualisent l&#8217;acquisition d&#8217;une nouvelle nationalit\u00e9 dans un syst\u00e8me hi\u00e9rarchique global o\u00f9 les citoyennet\u00e9s n&#8217;offrent pas toutes les m\u00eames droits et opportunit\u00e9s.<\/p>\n<p>Au fil du manuscrit, des r\u00e9ponses aux questions suivantes sont apport\u00e9es : (1) En Suisse, quels enjeux r\u00e9sultent de l&#8217;observation de la naturalisation au cours des 20 derni\u00e8res ann\u00e9es ? (2) Quels sont les facteurs personnels et contextuels associ\u00e9s aux aspirations et aux pratiques d&#8217;acquisition de la nationalit\u00e9 helv\u00e9tique ? (3) En quoi ces comportements particuliers refl\u00e8tent-ils des structures d&#8217;opportunit\u00e9s et d&#8217;obstacles qui se pr\u00e9sentent au cours ou au terme du processus de naturalisation ?&#8221;<\/p>\n<\/div>\n<\/div>\n<\/div>\n<p><strong>Mots-cl\u00e9s<\/strong>: <span class=\"ng-star-inserted\">Naturalisation, <\/span><span class=\"ng-star-inserted\">D\u00e9terminants de la naturalisation, <\/span><span class=\"ng-star-inserted\">Intentions de naturalisation, <\/span><span class=\"ng-star-inserted\">Politique suisse de citoyennet\u00e9 <\/span><\/p><\/blockquote>\n","protected":false},"excerpt":{"rendered":"<p>Author(s) : Aur\u00e9lie Pont Source : https:\/\/doi.org\/10.13097\/archive-ouverte\/unige:171338 Abstract:<\/p>\n","protected":false},"author":4,"featured_media":0,"comment_status":"open","ping_status":"open","sticky":false,"template":"","format":"standard","meta":{"_kadence_starter_templates_imported_post":false,"_kad_post_transparent":"","_kad_post_title":"","_kad_post_layout":"","_kad_post_sidebar_id":"","_kad_post_content_style":"","_kad_post_vertical_padding":"","_kad_post_feature":"","_kad_post_feature_position":"","_kad_post_header":false,"_kad_post_footer":false,"_kad_post_classname":"","jetpack_post_was_ever_published":false,"_jetpack_newsletter_access":"","_jetpack_dont_email_post_to_subs":false,"_jetpack_newsletter_tier_id":0,"_jetpack_memberships_contains_paywalled_content":false,"_jetpack_memberships_contains_paid_content":false,"footnotes":""},"categories":[12],"tags":[739,318,70,307,191,589,52,133,185,93,411,47,621],"class_list":["post-35835","post","type-post","status-publish","format-standard","hentry","category-politics","tag-739","tag-children","tag-citizenship","tag-civil-and-political-rights","tag-demography","tag-doctoral-thesis","tag-french-language","tag-immigrant-policy","tag-mental-health","tag-naturalization","tag-perception","tag-social-inequalities","tag-street-level-bureaucracy"],"jetpack_featured_media_url":"","jetpack_sharing_enabled":true,"_links":{"self":[{"href":"https:\/\/swissmig.unine.ch\/index.php?rest_route=\/wp\/v2\/posts\/35835","targetHints":{"allow":["GET"]}}],"collection":[{"href":"https:\/\/swissmig.unine.ch\/index.php?rest_route=\/wp\/v2\/posts"}],"about":[{"href":"https:\/\/swissmig.unine.ch\/index.php?rest_route=\/wp\/v2\/types\/post"}],"author":[{"embeddable":true,"href":"https:\/\/swissmig.unine.ch\/index.php?rest_route=\/wp\/v2\/users\/4"}],"replies":[{"embeddable":true,"href":"https:\/\/swissmig.unine.ch\/index.php?rest_route=%2Fwp%2Fv2%2Fcomments&post=35835"}],"version-history":[{"count":0,"href":"https:\/\/swissmig.unine.ch\/index.php?rest_route=\/wp\/v2\/posts\/35835\/revisions"}],"wp:attachment":[{"href":"https:\/\/swissmig.unine.ch\/index.php?rest_route=%2Fwp%2Fv2%2Fmedia&parent=35835"}],"wp:term":[{"taxonomy":"category","embeddable":true,"href":"https:\/\/swissmig.unine.ch\/index.php?rest_route=%2Fwp%2Fv2%2Fcategories&post=35835"},{"taxonomy":"post_tag","embeddable":true,"href":"https:\/\/swissmig.unine.ch\/index.php?rest_route=%2Fwp%2Fv2%2Ftags&post=35835"}],"curies":[{"name":"wp","href":"https:\/\/api.w.org\/{rel}","templated":true}]}}