{"id":35797,"date":"2023-09-18T08:00:00","date_gmt":"2023-09-18T07:00:00","guid":{"rendered":"https:\/\/swissmig.wordpress.com\/?p=35797"},"modified":"2023-09-18T08:00:00","modified_gmt":"2023-09-18T07:00:00","slug":"jeunes-refugies-et-sante-psychique-de-lenvironnement-a-lintervention-psychotherapique-le-dispositif-meme-young-refugees-and-psychic-health-from-the-environment-to-psychotherape","status":"publish","type":"post","link":"https:\/\/swissmig.unine.ch\/?p=35797","title":{"rendered":"Jeunes r\u00e9fugi\u00e9s et sant\u00e9 psychique. De l\u2019environnement \u00e0 l\u2019intervention psychoth\u00e9rapique : le dispositif MEME \/ Young refugees and psychic health. From the environment to psychotherapeutic interventions: the MEME program"},"content":{"rendered":"<h3><strong>Author(s)<\/strong> : Saskia von Overbeck Ottino, Lavinia Calore, Clara Lormand, Maryl\u00e8ne Vital, C\u00e9line Wunderlich<\/h3>\n<h3>Source : <a href=\"https:\/\/doi.org\/10.3917\/lautr.069.0250\" target=\"_blank\" rel=\"noopener\">https:\/\/doi.org\/10.3917\/lautr.069.0250<\/a><\/h3>\n<p><strong>Abstract: <\/strong><!--more--><\/p>\n<blockquote><p>&#8220;Les jeunes r\u00e9fugi\u00e9s nous confrontent aux violences du monde, une r\u00e9alit\u00e9 qui nous concerne tous. Chez eux, des d\u00e9terminants sociaux de la maladie psychique, des facteurs li\u00e9s aux conditions et aux \u00e9v\u00e9nements de vie, sont la cause fr\u00e9quente d\u2019effractions psychiques et de troubles psychiatriques r\u00e9actionnels. Ces troubles imposent un ajustement de nos suivis traditionnels : des strat\u00e9gies sp\u00e9cifiques de d\u00e9pistage pr\u00e9coce et d\u2019acc\u00e8s aux soins, et la prise en compte de leurs aspects primairement \u00ab externes \u00bb au cours du traitement. \u00c0 Gen\u00e8ve, le dispositif MEME, (sant\u00e9 Mentale Migrants et Ethnopsychanalyse), a \u00e9t\u00e9 cr\u00e9\u00e9 pour faciliter la mise en place de soins psychoth\u00e9rapiques pr\u00e9coces et sp\u00e9cifiques, proposant un travail, \u00e0 la fois, sur les conditions environnementales, sur les particularit\u00e9s li\u00e9es aux violences extr\u00eames et sur celles concernant les questions transculturelles. Il s\u2019agit, pour les professionnels, d\u2019offrir un contenant psychique, de faire enveloppe autour d\u2019un jeune ou d\u2019une famille, afin de restaurer un environnement suffisamment bon, favoriser un travail de liaison psychique et une reprise du fil de vie.&#8221;<\/p>\n<p><strong>Mots-cl\u00e9s<\/strong>: exil\u00e9, demandeur d&#8217;asile, enfant de migrant, mineur isol\u00e9 \u00e9tranger, ethnopsychanalyse, acc\u00e8s aux soins, sant\u00e9 mentale, contre-transfert, prise en charge, cas clinique, culture d&#8217;origine, Suisse<\/p>\n<p>&#8220;Young refugees confront us with the violence in our world, a reality that concerns all of us. For them, the social determinants of psychic illness, and factors linked to conditions of life and events are frequent causes of psychic breakdown and reactive psychiatric disorders. These disorders force us to adjust our traditional methods of follow-up: specific strategies of early screening and access to care and consideration of their primarily \u201cexternal\u201d aspects during treatment. In Geneva, the MEME program (sant\u00e9 MEntale Migrants et Ethnopsychanalyse) was created to facilitate the implementation of early, tailored psychotherapies, offering therapy focusing at once on environmental conditions, on particular aspects linked to extreme violence and on aspects entailing transcultural issues. The goal for professionals is to offer a psychic container, an envelope around a youngster or a family, to restore a sufficiently sound environment, and to encourage work on psychic links and a return to a normal life routine.&#8221;<\/p>\n<p><strong>Keywords<\/strong>: exile, asylum seeker, children of migrants, foreign and isolated minor, ethno-psychoanalysis, access to care, mental health, counter-transfer, care, clinical case, culture of origin, Switzerland<\/p><\/blockquote>\n","protected":false},"excerpt":{"rendered":"<p>Author(s) : Saskia von Overbeck Ottino, Lavinia Calore, Clara Lormand,&#8230;<\/p>\n","protected":false},"author":4,"featured_media":0,"comment_status":"open","ping_status":"open","sticky":false,"template":"","format":"standard","meta":{"_kadence_starter_templates_imported_post":false,"_kad_post_transparent":"","_kad_post_title":"","_kad_post_layout":"","_kad_post_sidebar_id":"","_kad_post_content_style":"","_kad_post_vertical_padding":"","_kad_post_feature":"","_kad_post_feature_position":"","_kad_post_header":false,"_kad_post_footer":false,"_kad_post_classname":"","jetpack_post_was_ever_published":false,"_jetpack_newsletter_access":"","_jetpack_dont_email_post_to_subs":false,"_jetpack_newsletter_tier_id":0,"_jetpack_memberships_contains_paywalled_content":false,"_jetpack_memberships_contains_paid_content":false,"footnotes":""},"categories":[59],"tags":[722,7,318,92,173,52,341,157,17,88,185,442,237,64,416],"class_list":["post-35797","post","type-post","status-publish","format-standard","hentry","category-health","tag-722","tag-article","tag-children","tag-country-of-origin","tag-cross-cultural-communication","tag-french-language","tag-geneva","tag-health-care","tag-immigrants","tag-intercultural-relations","tag-mental-health","tag-preventive-medicine","tag-psychanalysis","tag-unaccompanied-minors","tag-violence"],"jetpack_featured_media_url":"","jetpack_sharing_enabled":true,"_links":{"self":[{"href":"https:\/\/swissmig.unine.ch\/index.php?rest_route=\/wp\/v2\/posts\/35797","targetHints":{"allow":["GET"]}}],"collection":[{"href":"https:\/\/swissmig.unine.ch\/index.php?rest_route=\/wp\/v2\/posts"}],"about":[{"href":"https:\/\/swissmig.unine.ch\/index.php?rest_route=\/wp\/v2\/types\/post"}],"author":[{"embeddable":true,"href":"https:\/\/swissmig.unine.ch\/index.php?rest_route=\/wp\/v2\/users\/4"}],"replies":[{"embeddable":true,"href":"https:\/\/swissmig.unine.ch\/index.php?rest_route=%2Fwp%2Fv2%2Fcomments&post=35797"}],"version-history":[{"count":0,"href":"https:\/\/swissmig.unine.ch\/index.php?rest_route=\/wp\/v2\/posts\/35797\/revisions"}],"wp:attachment":[{"href":"https:\/\/swissmig.unine.ch\/index.php?rest_route=%2Fwp%2Fv2%2Fmedia&parent=35797"}],"wp:term":[{"taxonomy":"category","embeddable":true,"href":"https:\/\/swissmig.unine.ch\/index.php?rest_route=%2Fwp%2Fv2%2Fcategories&post=35797"},{"taxonomy":"post_tag","embeddable":true,"href":"https:\/\/swissmig.unine.ch\/index.php?rest_route=%2Fwp%2Fv2%2Ftags&post=35797"}],"curies":[{"name":"wp","href":"https:\/\/api.w.org\/{rel}","templated":true}]}}