{"id":35793,"date":"2023-09-18T08:00:00","date_gmt":"2023-09-18T07:00:00","guid":{"rendered":"https:\/\/swissmig.wordpress.com\/?p=35793"},"modified":"2025-12-09T13:58:28","modified_gmt":"2025-12-09T12:58:28","slug":"partir-ou-ficar-transicao-para-a-reforma-e-migracao-de-regresso-de-casais-portugueses-na-suica","status":"publish","type":"post","link":"https:\/\/swissmig.unine.ch\/?p=35793","title":{"rendered":"Partir ou ficar?: Transi\u00e7\u00e3o para a reforma e migra\u00e7\u00e3o de regresso de casais portugueses na Su\u00ed\u00e7a"},"content":{"rendered":"<h3>Author(s) : Liliana Marisa Vieira da Silva Azevedo<\/h3>\n<h3>Source : <a href=\"http:\/\/hdl.handle.net\/10071\/29086\" target=\"_blank\" rel=\"noopener\">http:\/\/hdl.handle.net\/10071\/29086<\/a><\/h3>\n<p><strong>Abstract: <\/strong><!--more--><\/p>\n<blockquote><p>&#8220;A migra\u00e7\u00e3o portuguesa para a Su\u00ed\u00e7a tem sido um fen\u00f3meno assinal\u00e1vel nos \u00faltimos quarenta anos, quer pelo volume dos fluxos, quer pela sua intensidade em determinados per\u00edodos. O estudo centra-se na transi\u00e7\u00e3o para a reforma de casais portugueses emigrados naquele pa\u00eds, procurando compreender o que acontece no fim da vida profissional, quando o principal motivo da emigra\u00e7\u00e3o, o trabalho, deixa de existir. Os dados recolhidos apontam para uma acelera\u00e7\u00e3o, na \u00faltima d\u00e9cada, dos movimentos de sa\u00edda da Su\u00ed\u00e7a de portugueses\/as acima dos 60 anos e sugerem que, na hora da reforma, o regresso \u00e9 a situa\u00e7\u00e3o mais frequente. Tendo como pano de fundo a sociologia das migra\u00e7\u00f5es e os estudos sobre o regresso, a pesquisa cruza as perspetivas do transnacionalismo, das mobilidades, do percurso de vida e do g\u00e9nero, e articula-as com uma dimens\u00e3o esp\u00e1cio-temporal, particularmente relevante na an\u00e1lise de din\u00e2micas migrat\u00f3rias ao longo de d\u00e9cadas. Entre 2018 e 2022, foram realizadas entrevistas biogr\u00e1ficas, uma etnografia multi-situada, an\u00e1lise estat\u00edstica e pesquisa hist\u00f3rica. Na monografia, \u00e9 real\u00e7ada a pluralidade de perfis na reforma e dado conta das altera\u00e7\u00f5es dos projetos migrat\u00f3rios numa perspetiva dia-cr\u00f3nica. Cruzando as aspira\u00e7\u00f5es e capacidades dos casais para partir ou ficar na Su\u00ed\u00e7a no momento da reforma, s\u00e3o identificados dois tipos de regresso (assertivo e ambivalente adapta-tivo) e dois tipos de perman\u00eancia (assertiva e ambivalente n\u00e3o assumida). S\u00e3o ainda discutidos os motivos para regressar e n\u00e3o regressar, as tens\u00f5es e negocia\u00e7\u00f5es no processo de tomada de decis\u00e3o dos casais, assim como a mobilidade transnacional na reforma.&#8221;<\/p>\n<p><strong>Palavras-chave<\/strong>: Migra\u00e7\u00e3o de regresso, Mobilidade transnacional, Reforma, G\u00e9nero, Sui\u00e7a, Portugal<\/p>\n<p>&#8220;Portuguese migration to Switzerland has been a remarkable phenomenon in the last forty years, both for the volume of the flows and for their intensity in certain periods. This study focuses on the transition to retirement of Portuguese couples who migrated to that country. It seeks to understand what happens at the end of working life, when the main reason for migration \u2013 work \u2013 no longer exists. The collected data points to an acceleration, in the last decade, of the out-migration from Switzerland of Portuguese nationals aged over 60 and suggests that, at retirement, most decide to return. With the sociology of migration and return studies as a back-drop, the research combines the perspectives of transnationalism, mobility, life course and gender, and articulates them with a spatial-temporal dimension, which is particularly relevant in the analysis of migratory dynamics over decades. It draws on fieldwork conducted between 2018 and 2022, which included biographical interviews, a multi-sited ethnography, statistical analysis and historical research. The thesis highlights the plurality of retirement profiles and provides a diachronic account of the changes in migratory projects. Considering couples&#8217; aspirations and abilities to leave or stay in Switzerland upon retirement, it identifies two types of return (assertive and adaptive ambivalent) and two types of stay (assertive and passive ambivalent). I also discuss the reasons for returning and not returning, the tensions and negotiations in the couples&#8217; decision-making process, and transnational mobility following retirement.&#8221;<\/p>\n<p><strong>Keywords: <\/strong>Portugal, Return migration, Transnational mobility, Retirement, Gender, Switzerland<\/p><\/blockquote>\n","protected":false},"excerpt":{"rendered":"<p>Author(s) : Liliana Marisa Vieira da Silva Azevedo Source :&#8230;<\/p>\n","protected":false},"author":4,"featured_media":0,"comment_status":"open","ping_status":"open","sticky":false,"template":"","format":"standard","meta":{"_kadence_starter_templates_imported_post":false,"_kad_post_transparent":"","_kad_post_title":"","_kad_post_layout":"","_kad_post_sidebar_id":"","_kad_post_content_style":"","_kad_post_vertical_padding":"","_kad_post_feature":"","_kad_post_feature_position":"","_kad_post_header":false,"_kad_post_footer":false,"_kad_post_classname":"","jetpack_post_was_ever_published":false,"_jetpack_newsletter_access":"","_jetpack_dont_email_post_to_subs":false,"_jetpack_newsletter_tier_id":0,"_jetpack_memberships_contains_paywalled_content":false,"_jetpack_memberships_contains_paid_content":false,"footnotes":""},"categories":[43],"tags":[739,310,589,634,21,148,154,104,619,138,110,140,851,348,46,26],"class_list":["post-35793","post","type-post","status-publish","format-standard","hentry","category-the-migration-phenomenon","tag-739","tag-decision-making","tag-doctoral-thesis","tag-ethnography","tag-family","tag-gender","tag-interviews","tag-living-conditions","tag-migration-intentions","tag-migration-motives","tag-mobility","tag-portuguese","tag-portuguese-language","tag-retirement","tag-return-migration","tag-transnationalism"],"jetpack_featured_media_url":"","jetpack_sharing_enabled":true,"_links":{"self":[{"href":"https:\/\/swissmig.unine.ch\/index.php?rest_route=\/wp\/v2\/posts\/35793","targetHints":{"allow":["GET"]}}],"collection":[{"href":"https:\/\/swissmig.unine.ch\/index.php?rest_route=\/wp\/v2\/posts"}],"about":[{"href":"https:\/\/swissmig.unine.ch\/index.php?rest_route=\/wp\/v2\/types\/post"}],"author":[{"embeddable":true,"href":"https:\/\/swissmig.unine.ch\/index.php?rest_route=\/wp\/v2\/users\/4"}],"replies":[{"embeddable":true,"href":"https:\/\/swissmig.unine.ch\/index.php?rest_route=%2Fwp%2Fv2%2Fcomments&post=35793"}],"version-history":[{"count":1,"href":"https:\/\/swissmig.unine.ch\/index.php?rest_route=\/wp\/v2\/posts\/35793\/revisions"}],"predecessor-version":[{"id":38416,"href":"https:\/\/swissmig.unine.ch\/index.php?rest_route=\/wp\/v2\/posts\/35793\/revisions\/38416"}],"wp:attachment":[{"href":"https:\/\/swissmig.unine.ch\/index.php?rest_route=%2Fwp%2Fv2%2Fmedia&parent=35793"}],"wp:term":[{"taxonomy":"category","embeddable":true,"href":"https:\/\/swissmig.unine.ch\/index.php?rest_route=%2Fwp%2Fv2%2Fcategories&post=35793"},{"taxonomy":"post_tag","embeddable":true,"href":"https:\/\/swissmig.unine.ch\/index.php?rest_route=%2Fwp%2Fv2%2Ftags&post=35793"}],"curies":[{"name":"wp","href":"https:\/\/api.w.org\/{rel}","templated":true}]}}