{"id":35783,"date":"2023-09-18T08:00:00","date_gmt":"2023-09-18T07:00:00","guid":{"rendered":"https:\/\/swissmig.wordpress.com\/?p=35783"},"modified":"2023-09-18T08:00:00","modified_gmt":"2023-09-18T07:00:00","slug":"les-suisses-revelateurs-de-limaginaire-national-canadien-construction-identitaire-et-representations-de-la-citoyennete-a-travers-lexperience-des-migrants-suisses-au-canada-xviie-xxe-siecles","status":"publish","type":"post","link":"https:\/\/swissmig.unine.ch\/?p=35783","title":{"rendered":"Les Suisses, r\u00e9v\u00e9lateurs de l&#8217;imaginaire national canadien: construction identitaire et repr\u00e9sentations de la citoyennet\u00e9 \u00e0 travers l&#8217;exp\u00e9rience des migrants Suisses au Canada (XVIIe-XXe si\u00e8cles)"},"content":{"rendered":"<h3><strong>Author(s)<\/strong> : Samy Khalid<\/h3>\n<h3>Source : <a href=\"http:\/\/ruor.uottawa.ca\/handle\/10393\/29905\" target=\"_blank\" rel=\"noopener\">http:\/\/ruor.uottawa.ca\/handle\/10393\/29905<\/a><\/h3>\n<p><strong>Abstract: <\/strong><!--more--><\/p>\n<blockquote><p>&#8220;Les Suisses n&#8217;ont jamais \u00e9t\u00e9 nombreux au Canada, et pourtant ils ont jalonn\u00e9 toute l&#8217;histoire du pays. \u00c0 travers les rep\u00e8res qu&#8217;ils ont laiss\u00e9s au cours des cinq derniers si\u00e8cles, ils se sont montr\u00e9s de puissants r\u00e9v\u00e9lateurs de l&#8217;imaginaire national canadien. Tour \u00e0 tour trait\u00e9s en \u00e9trangers encombrants ou tol\u00e8res, en incroyants assoiff\u00e9s de gain, en h\u00e9r\u00e9tiques qui pervertissent les Canadiens, puis subitement en immigrants appr\u00e9ci\u00e9s et courtis\u00e9s, ils ont forc\u00e9 les m\u00e9tropoles fran\u00e7aise et britannique \u00e0 ajuster leur d\u00e9finition de la citoyennet\u00e9, ils ont pr\u00e9conis\u00e9 le cosmopolitisme et accompagn\u00e9 l&#8217;ouverture du Canada sur le monde, ils ont galvanis\u00e9 l&#8217;affirmation du sentiment national en agissant soit comme repoussoirs soit comme faire-valoir, et ils ont finalement remis en question la d\u00e9finition m\u00eame de &#8220;nation&#8221; au Canada. La pr\u00e9sente th\u00e8se, par un d\u00e9passement voulu des fronti\u00e8res chronologiques et g\u00e9ographiques, envisage sur la longue dur\u00e9e l&#8217;exp\u00e9rience de migrants qui tendent \u00e0 \u00e9chapper \u00e0 toute cat\u00e9gorisation sociale. Gr\u00e2ce \u00e0 une analyse microhistorique, elle proc\u00e8de au jeu d&#8217;\u00e9chelles et de contrastes qui autorise un examen rapproche des ph\u00e9nom\u00e8nes r\u00e9v\u00e8les par les sources suisses, canadiennes, fran\u00e7aises, britanniques et am\u00e9ricaines. Cette r\u00e9flexion propose une fa\u00e7on originale d&#8217;\u00e9tudier les migrations dans l&#8217;optique de la probl\u00e9matique identitaire. Elle fait ressortir \u00e0 la fois les moments forts de l&#8217;\u00e9migration suisse et les dates charni\u00e8res de la modernit\u00e9 canadienne. C&#8217;est \u00e0 l&#8217;intersection de ces deux chronologies, au gr\u00e9 du dialogue constant et soutenu entre autorit\u00e9s politiques, religieuses et communautaires, sous l&#8217;effet des tensions linguistiques et culturelles, des tensions entre conqu\u00e9rants et conquis, des tensions internes et externes entre tradition et modernit\u00e9, que s&#8217;est constitu\u00e9e et adapt\u00e9e une conscience collective unique, marqu\u00e9e moins par la continuit\u00e9 que par les tenions, la diversit\u00e9 et les compromis. Les Suisses ouvrent justement une fen\u00eatre sur ces compromis qui donnent lieu \u00e0 la complexit\u00e9 canadienne.&#8221;<\/p><\/blockquote>\n","protected":false},"excerpt":{"rendered":"<p>Author(s) : Samy Khalid Source : http:\/\/ruor.uottawa.ca\/handle\/10393\/29905 Abstract:<\/p>\n","protected":false},"author":4,"featured_media":0,"comment_status":"open","ping_status":"open","sticky":false,"template":"","format":"standard","meta":{"_kadence_starter_templates_imported_post":false,"_kad_post_transparent":"","_kad_post_title":"","_kad_post_layout":"","_kad_post_sidebar_id":"","_kad_post_content_style":"","_kad_post_vertical_padding":"","_kad_post_feature":"","_kad_post_feature_position":"","_kad_post_header":false,"_kad_post_footer":false,"_kad_post_classname":"","jetpack_post_was_ever_published":false,"_jetpack_newsletter_access":"","_jetpack_dont_email_post_to_subs":false,"_jetpack_newsletter_tier_id":0,"_jetpack_memberships_contains_paywalled_content":false,"_jetpack_memberships_contains_paid_content":false,"footnotes":""},"categories":[35],"tags":[414,7,76,70,391,151,589,137,197,52,17,88,91],"class_list":["post-35783","post","type-post","status-publish","format-standard","hentry","category-history","tag-414","tag-article","tag-canada","tag-citizenship","tag-cosmopolitanism","tag-cultural-identity","tag-doctoral-thesis","tag-emigration","tag-france","tag-french-language","tag-immigrants","tag-intercultural-relations","tag-social-integration"],"jetpack_featured_media_url":"","jetpack_sharing_enabled":true,"_links":{"self":[{"href":"https:\/\/swissmig.unine.ch\/index.php?rest_route=\/wp\/v2\/posts\/35783","targetHints":{"allow":["GET"]}}],"collection":[{"href":"https:\/\/swissmig.unine.ch\/index.php?rest_route=\/wp\/v2\/posts"}],"about":[{"href":"https:\/\/swissmig.unine.ch\/index.php?rest_route=\/wp\/v2\/types\/post"}],"author":[{"embeddable":true,"href":"https:\/\/swissmig.unine.ch\/index.php?rest_route=\/wp\/v2\/users\/4"}],"replies":[{"embeddable":true,"href":"https:\/\/swissmig.unine.ch\/index.php?rest_route=%2Fwp%2Fv2%2Fcomments&post=35783"}],"version-history":[{"count":0,"href":"https:\/\/swissmig.unine.ch\/index.php?rest_route=\/wp\/v2\/posts\/35783\/revisions"}],"wp:attachment":[{"href":"https:\/\/swissmig.unine.ch\/index.php?rest_route=%2Fwp%2Fv2%2Fmedia&parent=35783"}],"wp:term":[{"taxonomy":"category","embeddable":true,"href":"https:\/\/swissmig.unine.ch\/index.php?rest_route=%2Fwp%2Fv2%2Fcategories&post=35783"},{"taxonomy":"post_tag","embeddable":true,"href":"https:\/\/swissmig.unine.ch\/index.php?rest_route=%2Fwp%2Fv2%2Ftags&post=35783"}],"curies":[{"name":"wp","href":"https:\/\/api.w.org\/{rel}","templated":true}]}}