{"id":35752,"date":"2023-09-04T08:00:00","date_gmt":"2023-09-04T07:00:00","guid":{"rendered":"https:\/\/swissmig.wordpress.com\/?p=35752"},"modified":"2023-09-04T08:00:00","modified_gmt":"2023-09-04T07:00:00","slug":"migrations-langues-integrations-une-analyse-sociolinguistique-comparative-sur-des-strategies-etatiques-et-familiales","status":"publish","type":"post","link":"https:\/\/swissmig.unine.ch\/?p=35752","title":{"rendered":"Migrations, Langues, Int\u00e9grations : une analyse sociolinguistique comparative sur des strat\u00e9gies \u00e9tatiques et familiales"},"content":{"rendered":"<h3><strong>Author(s)<\/strong> : Philippe Blanchet<\/h3>\n<h3>Source : <a href=\"https:\/\/doi.org\/10.48384\/IMIST.PRSM\/lcs-v8i2.35437\" target=\"_blank\" rel=\"noopener\">https:\/\/doi.org\/10.48384\/IMIST.PRSM\/lcs-v8i2.35437<\/a><\/h3>\n<p><strong>Abstract: <\/strong><!--more--><\/p>\n<blockquote><p>&#8220;Cet article a pour objectif de probl\u00e9matiser la transmission des langues dites \u00ab d\u2019origine \u00bb et l\u2019acquisition des langues dites \u00ab d\u2019int\u00e9gration \u00bb au sein de familles de migrants, du point de vue d\u2019une approche sociolinguistique et selon les outils th\u00e9oriques de l\u2019analyse glottopolitique. Elle s\u2019appuiera surtout sur des \u00e9tudes r\u00e9alis\u00e9es en contextes europ\u00e9ens (par exemple Vermes et Boutet, 1987 et 1991 ; Clanch\u00e9, 2002 ; Archibald et Galligani, 2009 ; Beacco, 2008 ; Blanchet et Clerc Conan, 2015).&#8221;<\/p>\n<p><strong>Mots-cl\u00e9s<\/strong>: Migration, familles, sociolinguistique, glottopolitique<\/p><\/blockquote>\n","protected":false},"excerpt":{"rendered":"<p>Author(s) : Philippe Blanchet Source : https:\/\/doi.org\/10.48384\/IMIST.PRSM\/lcs-v8i2.35437 Abstract:<\/p>\n","protected":false},"author":4,"featured_media":0,"comment_status":"open","ping_status":"open","sticky":false,"template":"","format":"standard","meta":{"_kadence_starter_templates_imported_post":false,"_kad_post_transparent":"","_kad_post_title":"","_kad_post_layout":"","_kad_post_sidebar_id":"","_kad_post_content_style":"","_kad_post_vertical_padding":"","_kad_post_feature":"","_kad_post_feature_position":"","_kad_post_header":false,"_kad_post_footer":false,"_kad_post_classname":"","jetpack_post_was_ever_published":false,"_jetpack_newsletter_access":"","_jetpack_dont_email_post_to_subs":false,"_jetpack_newsletter_tier_id":0,"_jetpack_memberships_contains_paywalled_content":false,"_jetpack_memberships_contains_paid_content":false,"footnotes":""},"categories":[167],"tags":[722,7,57,92,173,21,197,52,17,88,253,236,162,372,68,26,370],"class_list":["post-35752","post","type-post","status-publish","format-standard","hentry","category-ethnicity-languages-religion-arts","tag-722","tag-article","tag-comparative-analysis","tag-country-of-origin","tag-cross-cultural-communication","tag-family","tag-france","tag-french-language","tag-immigrants","tag-intercultural-relations","tag-italy","tag-language-barriers","tag-language-policy","tag-multilingualism","tag-sociolinguistics","tag-transnationalism","tag-vaud"],"jetpack_featured_media_url":"","jetpack_sharing_enabled":true,"_links":{"self":[{"href":"https:\/\/swissmig.unine.ch\/index.php?rest_route=\/wp\/v2\/posts\/35752","targetHints":{"allow":["GET"]}}],"collection":[{"href":"https:\/\/swissmig.unine.ch\/index.php?rest_route=\/wp\/v2\/posts"}],"about":[{"href":"https:\/\/swissmig.unine.ch\/index.php?rest_route=\/wp\/v2\/types\/post"}],"author":[{"embeddable":true,"href":"https:\/\/swissmig.unine.ch\/index.php?rest_route=\/wp\/v2\/users\/4"}],"replies":[{"embeddable":true,"href":"https:\/\/swissmig.unine.ch\/index.php?rest_route=%2Fwp%2Fv2%2Fcomments&post=35752"}],"version-history":[{"count":0,"href":"https:\/\/swissmig.unine.ch\/index.php?rest_route=\/wp\/v2\/posts\/35752\/revisions"}],"wp:attachment":[{"href":"https:\/\/swissmig.unine.ch\/index.php?rest_route=%2Fwp%2Fv2%2Fmedia&parent=35752"}],"wp:term":[{"taxonomy":"category","embeddable":true,"href":"https:\/\/swissmig.unine.ch\/index.php?rest_route=%2Fwp%2Fv2%2Fcategories&post=35752"},{"taxonomy":"post_tag","embeddable":true,"href":"https:\/\/swissmig.unine.ch\/index.php?rest_route=%2Fwp%2Fv2%2Ftags&post=35752"}],"curies":[{"name":"wp","href":"https:\/\/api.w.org\/{rel}","templated":true}]}}