{"id":3573,"date":"2020-03-09T09:00:42","date_gmt":"2020-03-09T08:00:42","guid":{"rendered":"https:\/\/swissmig.wordpress.com\/?p=3573"},"modified":"2026-01-20T15:39:16","modified_gmt":"2026-01-20T14:39:16","slug":"les-mineurs-non-accompagnes-quelle-prise-en-charge-dans-le-canton-de-neuchatel","status":"publish","type":"post","link":"https:\/\/swissmig.unine.ch\/?p=3573","title":{"rendered":"Les mineurs non accompagn\u00e9s: quelle prise en charge dans le canton de Neuch\u00e2tel?"},"content":{"rendered":"<h3>Author(s) : No\u00e9mie Fritz<\/h3>\n<h3>Source : <a href=\"https:\/\/files01.core.ac.uk\/download\/pdf\/20663913.pdf\" target=\"_blank\" rel=\"noopener\">https:\/\/files01.core.ac.uk\/download\/pdf\/20663913.pdf<\/a><\/h3>\n<p><strong>Abstract: <\/strong><!--more--><\/p>\n<blockquote><p>&#8220;Chaque ann\u00e9e, quelques centaines de mineurs non accompagn\u00e9s (MNA) arrivent en Suisse. D\u00e8s leur arriv\u00e9e, ils sont consid\u00e9r\u00e9s \u00e0 travers la loi sur l\u2019asile. Cette cat\u00e9gorisation administrative les d\u00e9signe avant tout comme requ\u00e9rant d\u2019asile plut\u00f4t que comme mineur avec des droits sp\u00e9cifiques. La Suisse a ratifi\u00e9 la Convention relative aux droits de l\u2019enfant (CDE) en 1997 et s\u2019engage ainsi \u00e0 respecter les droits \u00e9nonc\u00e9s \u00e0 tout enfant relevant de sa juridiction. La CDE conf\u00e8re notamment aux enfants un nouveau statut de \u00ab sujets de droits \u00bb. Malgr\u00e9 quelques modifications de la loi sur l\u2019asile, diverses recherches soulignent que les MNA restent une cat\u00e9gorie d\u2019enfants particuli\u00e8rement vuln\u00e9rables face aux lois internes relative \u00e0 l\u2019asile et \u00e0 l\u2019immigration. Dans ce contexte, nous souhaitons questionner, \u00e0 travers une pratique cantonale, la prise en charge op\u00e9rationnelle des MNA. Nous entendons plus pr\u00e9cis\u00e9ment analyser si leur prise en charge prend en compte leur int\u00e9r\u00eat sup\u00e9rieur en respectant notamment leur droit \u00e0 la non discrimination et \u00e0 exprimer librement leur opinion. A travers une approche interdisciplinaire, nous nous int\u00e9ressons \u00e0 d\u00e9finir la capacit\u00e9 d\u2019agir du MNA dans le processus de prise de d\u00e9cisions le concernant. Gr\u00e2ce aux interviews r\u00e9alis\u00e9es avec les professionnels et les MNA, nous \u00e9clairons d\u2019une part les contraintes structurelles auxquelles le MNA est confront\u00e9 et d\u2019autre part, les ressources dont il dispose pour agir. Cette analyse a pour but de d\u00e9finir des pistes de r\u00e9flexion pour une prise en charge qui respecte le MNA en tant que sujet de droit et acteur social.&#8221;<\/p><\/blockquote>\n","protected":false},"excerpt":{"rendered":"<p>Author(s) : No\u00e9mie Fritz Source : https:\/\/files01.core.ac.uk\/download\/pdf\/20663913.pdf Abstract:<\/p>\n","protected":false},"author":4,"featured_media":0,"comment_status":"open","ping_status":"open","sticky":false,"template":"","format":"standard","meta":{"_kadence_starter_templates_imported_post":false,"_kad_post_transparent":"","_kad_post_title":"","_kad_post_layout":"","_kad_post_sidebar_id":"","_kad_post_content_style":"","_kad_post_vertical_padding":"","_kad_post_feature":"","_kad_post_feature_position":"","_kad_post_header":false,"_kad_post_footer":false,"_kad_post_classname":"","jetpack_post_was_ever_published":false,"_jetpack_newsletter_access":"","_jetpack_dont_email_post_to_subs":false,"_jetpack_newsletter_tier_id":0,"_jetpack_memberships_contains_paywalled_content":false,"_jetpack_memberships_contains_paid_content":false,"footnotes":""},"categories":[24],"tags":[6,111,50,318,52,154,129,319,284,90,643,91,262,144,118],"class_list":["post-3573","post","type-post","status-publish","format-standard","hentry","category-society-family-racism","tag-6","tag-asylum-applications","tag-asylum-seekers","tag-children","tag-french-language","tag-interviews","tag-law","tag-master-thesis","tag-neuchatel","tag-reception-policy","tag-refugee-status","tag-social-integration","tag-undocumented-immigrants","tag-vulnerability","tag-youth"],"jetpack_featured_media_url":"","jetpack_sharing_enabled":true,"_links":{"self":[{"href":"https:\/\/swissmig.unine.ch\/index.php?rest_route=\/wp\/v2\/posts\/3573","targetHints":{"allow":["GET"]}}],"collection":[{"href":"https:\/\/swissmig.unine.ch\/index.php?rest_route=\/wp\/v2\/posts"}],"about":[{"href":"https:\/\/swissmig.unine.ch\/index.php?rest_route=\/wp\/v2\/types\/post"}],"author":[{"embeddable":true,"href":"https:\/\/swissmig.unine.ch\/index.php?rest_route=\/wp\/v2\/users\/4"}],"replies":[{"embeddable":true,"href":"https:\/\/swissmig.unine.ch\/index.php?rest_route=%2Fwp%2Fv2%2Fcomments&post=3573"}],"version-history":[{"count":1,"href":"https:\/\/swissmig.unine.ch\/index.php?rest_route=\/wp\/v2\/posts\/3573\/revisions"}],"predecessor-version":[{"id":38569,"href":"https:\/\/swissmig.unine.ch\/index.php?rest_route=\/wp\/v2\/posts\/3573\/revisions\/38569"}],"wp:attachment":[{"href":"https:\/\/swissmig.unine.ch\/index.php?rest_route=%2Fwp%2Fv2%2Fmedia&parent=3573"}],"wp:term":[{"taxonomy":"category","embeddable":true,"href":"https:\/\/swissmig.unine.ch\/index.php?rest_route=%2Fwp%2Fv2%2Fcategories&post=3573"},{"taxonomy":"post_tag","embeddable":true,"href":"https:\/\/swissmig.unine.ch\/index.php?rest_route=%2Fwp%2Fv2%2Ftags&post=3573"}],"curies":[{"name":"wp","href":"https:\/\/api.w.org\/{rel}","templated":true}]}}