{"id":35723,"date":"2023-08-28T08:00:00","date_gmt":"2023-08-28T07:00:00","guid":{"rendered":"https:\/\/swissmig.wordpress.com\/?p=35723"},"modified":"2023-08-28T08:00:00","modified_gmt":"2023-08-28T07:00:00","slug":"la-nouvelle-ecole-de-laccueil-une-reforme-a-contre-courant","status":"publish","type":"post","link":"https:\/\/swissmig.unine.ch\/?p=35723","title":{"rendered":"La nouvelle \u00c9cole de l\u2019accueil : une r\u00e9forme \u00e0 contre-courant ?"},"content":{"rendered":"<h3>Author(s) : Carole Fumeaux<\/h3>\n<h3>Source : <a href=\"https:\/\/doi.org\/10.57154\/journals\/red.2022.e988\" target=\"_blank\" rel=\"noopener\">https:\/\/doi.org\/10.57154\/journals\/red.2022.e988 <\/a><\/h3>\n<p><strong>Abstract: <\/strong><!--more--><\/p>\n<blockquote>\n<div class=\"info-wrapper ng-star-inserted\">\n<div class=\"info no-icon\">\n<div class=\"label-value-wrapper label-above-value\">&#8220;Dans un contexte \u00e9ducatif d\u00e9fendant de plus en plus une \u00e9cole \u00e0 vis\u00e9e inclusive, l\u2019ouverture \u00e0 Lausanne d\u2019une \u00ab \u00c9cole de l\u2019Accueil \u00bb exclusivement r\u00e9serv\u00e9e aux \u00e9l\u00e8ves migrant-es du degr\u00e9 post-obligatoire du canton de Vaud interpelle. A travers l\u2019analyse et la confrontation des discours prenant place dans le champ de la recherche, dans celui des institutions scolaires et au sein des \u00e9tablissements de formation, cette r\u00e9forme \u00e0 contre-courant r\u00e9v\u00e8le une dimension politique, marqu\u00e9e par des rapports de pouvoir, qui expliquent le paradoxe observ\u00e9 sur le plan p\u00e9dagogique.&#8221;<\/div>\n<\/div>\n<\/div>\n<p><strong>Mots-cl\u00e9s<\/strong>: <span class=\"value\">\u00e9cole inclusive, classes d&#8217;accueil, cat\u00e9gorisation , culture, discours <\/span><\/p><\/blockquote>\n","protected":false},"excerpt":{"rendered":"<p>Author(s) : Carole Fumeaux Source : https:\/\/doi.org\/10.57154\/journals\/red.2022.e988 Abstract:<\/p>\n","protected":false},"author":4,"featured_media":0,"comment_status":"open","ping_status":"open","sticky":false,"template":"","format":"standard","meta":{"_kadence_starter_templates_imported_post":false,"_kad_post_transparent":"","_kad_post_title":"","_kad_post_layout":"","_kad_post_sidebar_id":"","_kad_post_content_style":"","_kad_post_vertical_padding":"","_kad_post_feature":"","_kad_post_feature_position":"","_kad_post_header":false,"_kad_post_footer":false,"_kad_post_classname":"","jetpack_post_was_ever_published":false,"_jetpack_newsletter_access":"","_jetpack_dont_email_post_to_subs":false,"_jetpack_newsletter_tier_id":0,"_jetpack_memberships_contains_paywalled_content":false,"_jetpack_memberships_contains_paid_content":false,"footnotes":""},"categories":[61],"tags":[722,7,151,152,78,79,259,52,80,17,330,91],"class_list":["post-35723","post","type-post","status-publish","format-standard","hentry","category-education","tag-722","tag-article","tag-cultural-identity","tag-discourse","tag-educational-system","tag-equal-opportunities","tag-ethnicity","tag-french-language","tag-higher-education","tag-immigrants","tag-politics","tag-social-integration"],"jetpack_featured_media_url":"","jetpack_sharing_enabled":true,"_links":{"self":[{"href":"https:\/\/swissmig.unine.ch\/index.php?rest_route=\/wp\/v2\/posts\/35723","targetHints":{"allow":["GET"]}}],"collection":[{"href":"https:\/\/swissmig.unine.ch\/index.php?rest_route=\/wp\/v2\/posts"}],"about":[{"href":"https:\/\/swissmig.unine.ch\/index.php?rest_route=\/wp\/v2\/types\/post"}],"author":[{"embeddable":true,"href":"https:\/\/swissmig.unine.ch\/index.php?rest_route=\/wp\/v2\/users\/4"}],"replies":[{"embeddable":true,"href":"https:\/\/swissmig.unine.ch\/index.php?rest_route=%2Fwp%2Fv2%2Fcomments&post=35723"}],"version-history":[{"count":0,"href":"https:\/\/swissmig.unine.ch\/index.php?rest_route=\/wp\/v2\/posts\/35723\/revisions"}],"wp:attachment":[{"href":"https:\/\/swissmig.unine.ch\/index.php?rest_route=%2Fwp%2Fv2%2Fmedia&parent=35723"}],"wp:term":[{"taxonomy":"category","embeddable":true,"href":"https:\/\/swissmig.unine.ch\/index.php?rest_route=%2Fwp%2Fv2%2Fcategories&post=35723"},{"taxonomy":"post_tag","embeddable":true,"href":"https:\/\/swissmig.unine.ch\/index.php?rest_route=%2Fwp%2Fv2%2Ftags&post=35723"}],"curies":[{"name":"wp","href":"https:\/\/api.w.org\/{rel}","templated":true}]}}