{"id":35720,"date":"2023-08-28T08:00:00","date_gmt":"2023-08-28T07:00:00","guid":{"rendered":"https:\/\/swissmig.wordpress.com\/?p=35720"},"modified":"2023-08-28T08:00:00","modified_gmt":"2023-08-28T07:00:00","slug":"gesucht-bessere-handhabe-gegen-rassistische-diskriminierung-la-suisse-a-besoin-dune-approche-credible-pour-combattre-la-discrimination-raciale","status":"publish","type":"post","link":"https:\/\/swissmig.unine.ch\/?p=35720","title":{"rendered":"Gesucht: Bessere Handhabe gegen rassistische Diskriminierung = La Suisse a besoin d&#8217;une approche cr\u00e9dible pour combattre la discrimination raciale"},"content":{"rendered":"<h3>Author(s) : Line Vo\u00e9lin, Julie Frei, Denise Efionayi-M\u00e4der, Pascal Mahon<\/h3>\n<h3>Source DE : <a href=\"https:\/\/skmr.ch\/publikationen-dokumentationen\/artikel\/gesucht-bessere-handhabe-gegen-rassistische-diskriminierung\" target=\"_blank\" rel=\"noopener\">https:\/\/skmr.ch\/publikationen-dokumentationen\/artikel\/gesucht-bessere-handhabe-gegen-rassistische-diskriminierung<\/a><\/h3>\n<h3>Source FR :<a href=\"https:\/\/skmr.ch\/fr\/publications-documentations\/artikel\/gesucht-bessere-handhabe-gegen-rassistische-diskriminierung\" target=\"_blank\" rel=\"noopener\">https:\/\/skmr.ch\/fr\/publications-documentations\/artikel\/gesucht-bessere-handhabe-gegen-rassistische-diskriminierung<\/a><\/h3>\n<p><strong>Abstract: <\/strong><!--more--><\/p>\n<blockquote>\n<div id=\"Abs1-content\" class=\"c-article-section__content\">\n<p>&#8220;In der Schweiz sind die Gesetze zur Verhinderung und Bestrafung von rassistischer Diskriminierung l\u00fcckenhaft. Die Schweiz wird deswegen regelm\u00e4ssig von internationalen Menschenrechtsgremien kritisiert. Das SKMR hat mehrere Interviews mit Kennerinnen der Praxis in anderen L\u00e4ndern gef\u00fchrt und als Beispiel den belgischen Rechtsrahmen analysiert. Es dokumentiert Erfahrungen, die Ans\u00e4tze f\u00fcr eine Verbesserung in der Schweiz liefern k\u00f6nnen.&#8221;<\/p>\n<\/div>\n<p>&#8220;La plupart des sp\u00e9cialistes s\u2019accordent sur le constat que le dispositif l\u00e9gal pour pr\u00e9venir et sanctionner la discrimination raciale est sous-dot\u00e9, ce qui expose r\u00e9guli\u00e8rement la Suisse \u00e0 des critiques des organismes internationaux charg\u00e9s du suivi dans ce domaine. Le CSDH a men\u00e9 plusieurs entretiens avec des observatrices privil\u00e9gi\u00e9es des pratiques dans d\u2019autres pays et proc\u00e9d\u00e9 \u00e0 une analyse du cadre l\u00e9gal belge, \u00e0 titre d\u2019exemple. Il en tire quelques enseignements et documente des exp\u00e9riences, susceptibles d\u2019inspirer une r\u00e9vision du dispositif.&#8221;<\/p><\/blockquote>\n","protected":false},"excerpt":{"rendered":"<p>Author(s) : Line Vo\u00e9lin, Julie Frei, Denise Efionayi-M\u00e4der, Pascal Mahon&#8230;<\/p>\n","protected":false},"author":4,"featured_media":0,"comment_status":"open","ping_status":"open","sticky":false,"template":"","format":"standard","meta":{"_kadence_starter_templates_imported_post":false,"_kad_post_transparent":"","_kad_post_title":"","_kad_post_layout":"","_kad_post_sidebar_id":"","_kad_post_content_style":"","_kad_post_vertical_padding":"","_kad_post_feature":"","_kad_post_feature_position":"","_kad_post_header":false,"_kad_post_footer":false,"_kad_post_classname":"","jetpack_post_was_ever_published":false,"_jetpack_newsletter_access":"","_jetpack_dont_email_post_to_subs":false,"_jetpack_newsletter_tier_id":0,"_jetpack_memberships_contains_paywalled_content":false,"_jetpack_memberships_contains_paid_content":false,"footnotes":""},"categories":[53],"tags":[722,224,8,57,79,82,52,73,17,154,19,303,334,249],"class_list":["post-35720","post","type-post","status-publish","format-standard","hentry","category-law","tag-722","tag-belgium","tag-case-study","tag-comparative-analysis","tag-equal-opportunities","tag-ethnic-discrimination","tag-french-language","tag-german-language","tag-immigrants","tag-interviews","tag-labour-market","tag-legal-aspects","tag-racism","tag-report"],"jetpack_featured_media_url":"","jetpack_sharing_enabled":true,"_links":{"self":[{"href":"https:\/\/swissmig.unine.ch\/index.php?rest_route=\/wp\/v2\/posts\/35720","targetHints":{"allow":["GET"]}}],"collection":[{"href":"https:\/\/swissmig.unine.ch\/index.php?rest_route=\/wp\/v2\/posts"}],"about":[{"href":"https:\/\/swissmig.unine.ch\/index.php?rest_route=\/wp\/v2\/types\/post"}],"author":[{"embeddable":true,"href":"https:\/\/swissmig.unine.ch\/index.php?rest_route=\/wp\/v2\/users\/4"}],"replies":[{"embeddable":true,"href":"https:\/\/swissmig.unine.ch\/index.php?rest_route=%2Fwp%2Fv2%2Fcomments&post=35720"}],"version-history":[{"count":0,"href":"https:\/\/swissmig.unine.ch\/index.php?rest_route=\/wp\/v2\/posts\/35720\/revisions"}],"wp:attachment":[{"href":"https:\/\/swissmig.unine.ch\/index.php?rest_route=%2Fwp%2Fv2%2Fmedia&parent=35720"}],"wp:term":[{"taxonomy":"category","embeddable":true,"href":"https:\/\/swissmig.unine.ch\/index.php?rest_route=%2Fwp%2Fv2%2Fcategories&post=35720"},{"taxonomy":"post_tag","embeddable":true,"href":"https:\/\/swissmig.unine.ch\/index.php?rest_route=%2Fwp%2Fv2%2Ftags&post=35720"}],"curies":[{"name":"wp","href":"https:\/\/api.w.org\/{rel}","templated":true}]}}