{"id":3570,"date":"2020-03-02T09:00:34","date_gmt":"2020-03-02T08:00:34","guid":{"rendered":"https:\/\/swissmig.wordpress.com\/?p=3570"},"modified":"2020-03-02T09:00:34","modified_gmt":"2020-03-02T08:00:34","slug":"etude-sur-les-trajectoires-de-prise-en-charge-medicale-des-migrant-e-s-issu-e-s-du-domaine-de-lasile-dans-le-canton-de-vaud-phase-preparatoire","status":"publish","type":"post","link":"https:\/\/swissmig.unine.ch\/?p=3570","title":{"rendered":"Etude sur les trajectoires de prise en charge m\u00e9dicale des migrant-e-s issu-e-s du domaine de l\u2019asile dans le Canton de Vaud : phase pr\u00e9paratoire"},"content":{"rendered":"<h3>Author(s) : Rapha\u00ebl Bize, Zhivko Taushanov, Anne Decollogny, St\u00e9phanie Pin, Joachim Marti<\/h3>\n<h3>Source : <a href=\"https:\/\/serval.unil.ch\/notice\/serval:BIB_2923709BF7A7\" target=\"_blank\" rel=\"noopener\">https:\/\/serval.unil.ch\/notice\/serval:BIB_2923709BF7A7<\/a><\/h3>\n<p><strong>Abstract: <\/strong><!--more--><\/p>\n<blockquote><p>&#8220;Ce rapport d\u00e9crit la r\u00e9alisation et les r\u00e9sultats de la phase pr\u00e9paratoire de l\u2019\u00e9tude sur les trajectoires de prise en charge m\u00e9dicale des requ\u00e9rants d&#8217;asile et des b\u00e9n\u00e9ficiaires de l&#8217;aide d&#8217;urgence dans le canton de Vaud qui sont enregistr\u00e9s aupr\u00e8s de l\u2019Etablissement vaudois d\u2019accueil des migrants (EVAM) dans le Canton de Vaud. Cette \u00e9tude aura pour objectifs de d\u00e9crire les trajectoires et les co\u00fbts li\u00e9s aux soins des migrant-e-s issu-e-s du domaine de l\u2019asile (MDA) et de comparer les caract\u00e9ristiques des MDA suivis par le R\u00e9seau de sant\u00e9 et migration (RESAMI) par rapport aux MDA suivis par le syst\u00e8me de soins ordinaire. Il s&#8217;agit notamment de v\u00e9rifier si le RESAMI suit les MDA les plus vuln\u00e9rables, comme cela \u00e9tait pr\u00e9vu par le canton de Vaud. Cette \u00e9tude servira \u00e9galement \u00e0 identifier un nombre limit\u00e9 d&#8217;indicateurs facilitant le monitorage des activit\u00e9s du RESAMI \u00e0 des fins de pilotage. Les atteintes \u00e0 la sant\u00e9 des requ\u00e9rants d\u2019asile qui sont les plus souvent document\u00e9es et qui ont \u00e9t\u00e9 le plus \u00e9tudi\u00e9es dans la litt\u00e9rature scientifique sont li\u00e9es \u00e0 la sant\u00e9 mentale, \u00e0 la maternit\u00e9, et aux maladies infectieuses qui sont end\u00e9miques dans les pays quitt\u00e9s par les personnes migrantes. La revue de la litt\u00e9rature n\u2019a pas permis d\u2019identifier une \u00e9chelle qui permettrait, sur la base de crit\u00e8res mesurables et valid\u00e9s, de quantifier la vuln\u00e9rabilit\u00e9 m\u00e9dicale des requ\u00e9rants d\u2019asile. Les articles qui se penchent sur cette question de vuln\u00e9rabilit\u00e9 pr\u00e9conisent une appr\u00e9ciation bas\u00e9e sur le jugement clinique des professionnels de la sant\u00e9 en contact avec ce type de patients. Cette revue de la litt\u00e9rature a \u00e9galement mis en \u00e9vidence l\u2019h\u00e9t\u00e9rog\u00e9n\u00e9it\u00e9 des indicateurs utilis\u00e9s pour caract\u00e9riser les populations migrantes et leur recours aux soins. Un effort particulier doit donc \u00eatre port\u00e9 sur le choix d\u2019indicateurs s\u2019appuyant sur des d\u00e9finitions pr\u00e9cises et si possible standardis\u00e9es.&#8221;<\/p><\/blockquote>\n<p>&nbsp;<\/p>\n","protected":false},"excerpt":{"rendered":"<p>Author(s) : Rapha\u00ebl Bize, Zhivko Taushanov, Anne Decollogny, St\u00e9phanie Pin,&#8230;<\/p>\n","protected":false},"author":4,"featured_media":0,"comment_status":"open","ping_status":"open","sticky":false,"template":"","format":"standard","meta":{"_kadence_starter_templates_imported_post":false,"_kad_post_transparent":"","_kad_post_title":"","_kad_post_layout":"","_kad_post_sidebar_id":"","_kad_post_content_style":"","_kad_post_vertical_padding":"","_kad_post_feature":"","_kad_post_feature_position":"","_kad_post_header":false,"_kad_post_footer":false,"_kad_post_classname":"","jetpack_post_was_ever_published":false,"_jetpack_newsletter_access":"","_jetpack_dont_email_post_to_subs":false,"_jetpack_newsletter_tier_id":0,"_jetpack_memberships_contains_paywalled_content":false,"_jetpack_memberships_contains_paid_content":false,"footnotes":""},"categories":[59],"tags":[582,50,15,52,192,157,472,276,473,185,435,90,249,314,370,144],"class_list":["post-3570","post","type-post","status-publish","format-standard","hentry","category-health","tag-582","tag-asylum-seekers","tag-economic-impact","tag-french-language","tag-health-behavior","tag-health-care","tag-infectious-diseases","tag-literature-review","tag-medical-screening","tag-mental-health","tag-motherhood","tag-reception-policy","tag-report","tag-social-services","tag-vaud","tag-vulnerability"],"jetpack_featured_media_url":"","jetpack_sharing_enabled":true,"_links":{"self":[{"href":"https:\/\/swissmig.unine.ch\/index.php?rest_route=\/wp\/v2\/posts\/3570","targetHints":{"allow":["GET"]}}],"collection":[{"href":"https:\/\/swissmig.unine.ch\/index.php?rest_route=\/wp\/v2\/posts"}],"about":[{"href":"https:\/\/swissmig.unine.ch\/index.php?rest_route=\/wp\/v2\/types\/post"}],"author":[{"embeddable":true,"href":"https:\/\/swissmig.unine.ch\/index.php?rest_route=\/wp\/v2\/users\/4"}],"replies":[{"embeddable":true,"href":"https:\/\/swissmig.unine.ch\/index.php?rest_route=%2Fwp%2Fv2%2Fcomments&post=3570"}],"version-history":[{"count":0,"href":"https:\/\/swissmig.unine.ch\/index.php?rest_route=\/wp\/v2\/posts\/3570\/revisions"}],"wp:attachment":[{"href":"https:\/\/swissmig.unine.ch\/index.php?rest_route=%2Fwp%2Fv2%2Fmedia&parent=3570"}],"wp:term":[{"taxonomy":"category","embeddable":true,"href":"https:\/\/swissmig.unine.ch\/index.php?rest_route=%2Fwp%2Fv2%2Fcategories&post=3570"},{"taxonomy":"post_tag","embeddable":true,"href":"https:\/\/swissmig.unine.ch\/index.php?rest_route=%2Fwp%2Fv2%2Ftags&post=3570"}],"curies":[{"name":"wp","href":"https:\/\/api.w.org\/{rel}","templated":true}]}}