{"id":35682,"date":"2023-08-21T09:00:00","date_gmt":"2023-08-21T08:00:00","guid":{"rendered":"https:\/\/swissmig.wordpress.com\/?p=35682"},"modified":"2023-08-21T09:00:00","modified_gmt":"2023-08-21T08:00:00","slug":"que-veut-dire-evaluer-un-niveau-de-langue-analyse-sociolinguistique-et-didactique-dune-demande-politique-et-sociale-en-suisse-romande","status":"publish","type":"post","link":"https:\/\/swissmig.unine.ch\/?p=35682","title":{"rendered":"Que veut dire \u00e9valuer un \u201cniveau de langue\u201d ? Analyse sociolinguistique et didactique d\u2019une demande politique et sociale en Suisse romande"},"content":{"rendered":"<h3>Author(s) : Bruno Maurer, Anne-Christel Zeiter<\/h3>\n<h3>Source : <a href=\"https:\/\/revue-tdfle.fr\/articles\/revue-79\/2617-que-veut-dire-evaluer-un-niveau-de-langue-analyse-sociolinguistique-et-didactique-d-une-demande-politique-et-sociale-en-suisse-romande\" target=\"_blank\" rel=\"noopener\">https:\/\/revue-tdfle.fr\/articles\/revue-79\/2617-que-veut-dire-evaluer-un-niveau-de-langue-analyse-sociolinguistique-et-didactique-d-une-demande-politique-et-sociale-en-suisse-romande<\/a><\/h3>\n<p><strong>Abstract: <\/strong><!--more--><\/p>\n<blockquote><p>Cet article s&#8217;appuie sur une demande institutionnelle formul\u00e9e par le Canton de Vaud (Suisse) pour harmoniser les pratiques d&#8217;\u00e9valuation des comp\u00e9tences en langue fran\u00e7aise de migrants. Il est l&#8217;occasion\u00a0 de revenir sur l&#8217;ensemble des questionnements qui se sont fait jour dans le travail avec sept prestataires de formation linguistique participant \u00e0 un groupe de travail pour promouvoir de nouveaux outils et, \u00e0 cette occasion, de nouvelles pratiques. Une approche didactique et sociolinguistique critique questionne les enjeux \u00e9thiques des pratiques d&#8217;\u00e9valuation, avant de formuler des propositions pour passer d&#8217;une logique de &#8220;niveaux de langue&#8221; \u00e0 une logique de profils sociolangagiers. Sans abandonner les cat\u00e9gories du CECR, qui constituent actuellement un langage commun, l&#8217;article montre les limites des conceptions actuelles \u00e0 partir d&#8217;une d\u00e9finition plus complexe de ce qu&#8217;on appelle la &#8220;langue&#8221; et en d\u00e9compactant diff\u00e9rentes dimensions couramment amalgam\u00e9es dans les descripteurs du CECR. L&#8217;article expose les axes de travail du groupe lors de l&#8217;\u00e9laboration d&#8217;une\u00a0 grille de descripteurs mieux appropri\u00e9e \u00e0 rendre compte des r\u00e9pertoires des apprenants ; il se conclut par une s\u00e9rie d&#8217;interrogations sur la notion m\u00eame de &#8220;niveau&#8221; et sur les utilisations qui seraient \u00e0 faire, \u00e9thiquement, des r\u00e9sultats livr\u00e9s par des \u00e9valuations. Des pistes sont \u00e9galement esquiss\u00e9es pour des alternatives\u00a0aux tests de langue construits autour d&#8217;activit\u00e9s d\u00e9contextualis\u00e9es, avec la proposition d&#8217;entretiens d&#8217;\u00e9valuation mieux articul\u00e9s aux v\u00e9cus des apprenants et \u00e0 leurs usages r\u00e9els de la langue apprise. Pour finir, sont envisag\u00e9s les changements que la mise en place de ces outils d&#8217;\u00e9valuation ne manqueraient pas d&#8217;avoir sur le milieu de la formation linguistique des migrants.<\/p>\n<section class=\"keywords without-margin\">\n<div class=\"head\">\n<h2 class=\"h3\">Mots-cl\u00e9s<\/h2>\n<\/div>\n<div class=\"items\">\n<div class=\"item\">Migration<\/div>\n<div class=\"item\">Suisse<\/div>\n<div class=\"item\">Insertion professionnelle<\/div>\n<div class=\"item\">Insertion sociale<\/div>\n<div class=\"item\">Profil sociolangagier<\/div>\n<\/div>\n<\/section>\n<\/blockquote>\n","protected":false},"excerpt":{"rendered":"<p>Author(s) : Bruno Maurer, Anne-Christel Zeiter Source : https:\/\/revue-tdfle.fr\/articles\/revue-79\/2617-que-veut-dire-evaluer-un-niveau-de-langue-analyse-sociolinguistique-et-didactique-d-une-demande-politique-et-sociale-en-suisse-romande Abstract:<\/p>\n","protected":false},"author":4,"featured_media":0,"comment_status":"open","ping_status":"open","sticky":false,"template":"","format":"standard","meta":{"_kadence_starter_templates_imported_post":false,"_kad_post_transparent":"","_kad_post_title":"","_kad_post_layout":"","_kad_post_sidebar_id":"","_kad_post_content_style":"","_kad_post_vertical_padding":"","_kad_post_feature":"","_kad_post_feature_position":"","_kad_post_header":false,"_kad_post_footer":false,"_kad_post_classname":"","jetpack_post_was_ever_published":false,"_jetpack_newsletter_access":"","_jetpack_dont_email_post_to_subs":false,"_jetpack_newsletter_tier_id":0,"_jetpack_memberships_contains_paywalled_content":false,"_jetpack_memberships_contains_paid_content":false,"footnotes":""},"categories":[61],"tags":[693,7,176,52,236,161,162,603,91],"class_list":["post-35682","post","type-post","status-publish","format-standard","hentry","category-education","tag-693","tag-article","tag-economic-integration","tag-french-language","tag-language-barriers","tag-language-education","tag-language-policy","tag-language-tests","tag-social-integration"],"jetpack_featured_media_url":"","jetpack_sharing_enabled":true,"_links":{"self":[{"href":"https:\/\/swissmig.unine.ch\/index.php?rest_route=\/wp\/v2\/posts\/35682","targetHints":{"allow":["GET"]}}],"collection":[{"href":"https:\/\/swissmig.unine.ch\/index.php?rest_route=\/wp\/v2\/posts"}],"about":[{"href":"https:\/\/swissmig.unine.ch\/index.php?rest_route=\/wp\/v2\/types\/post"}],"author":[{"embeddable":true,"href":"https:\/\/swissmig.unine.ch\/index.php?rest_route=\/wp\/v2\/users\/4"}],"replies":[{"embeddable":true,"href":"https:\/\/swissmig.unine.ch\/index.php?rest_route=%2Fwp%2Fv2%2Fcomments&post=35682"}],"version-history":[{"count":0,"href":"https:\/\/swissmig.unine.ch\/index.php?rest_route=\/wp\/v2\/posts\/35682\/revisions"}],"wp:attachment":[{"href":"https:\/\/swissmig.unine.ch\/index.php?rest_route=%2Fwp%2Fv2%2Fmedia&parent=35682"}],"wp:term":[{"taxonomy":"category","embeddable":true,"href":"https:\/\/swissmig.unine.ch\/index.php?rest_route=%2Fwp%2Fv2%2Fcategories&post=35682"},{"taxonomy":"post_tag","embeddable":true,"href":"https:\/\/swissmig.unine.ch\/index.php?rest_route=%2Fwp%2Fv2%2Ftags&post=35682"}],"curies":[{"name":"wp","href":"https:\/\/api.w.org\/{rel}","templated":true}]}}