{"id":3568,"date":"2020-03-02T09:00:04","date_gmt":"2020-03-02T08:00:04","guid":{"rendered":"https:\/\/swissmig.wordpress.com\/?p=3568"},"modified":"2020-03-02T09:00:04","modified_gmt":"2020-03-02T08:00:04","slug":"linitiative-populaire-suisse-contre-la-construction-de-minarets-question-architecturale-ou-islamophobie","status":"publish","type":"post","link":"https:\/\/swissmig.unine.ch\/?p=3568","title":{"rendered":"L\u2019initiative populaire suisse \u00ab contre la construction de minarets \u00bb : question architecturale ou islamophobie ?"},"content":{"rendered":"<h3>Author(s) : Andr\u00e9e-Ann Brassard<\/h3>\n<h3>Source : <a href=\"https:\/\/www.erudit.org\/en\/books\/actes-des-colloques-dartefact\/actes-13e-colloque-international-etudiant-departement-dhistoire-luniversite--978-2-9816015-7-5\/004630co.pdf\" target=\"_blank\" rel=\"noopener\">https:\/\/www.erudit.org\/en\/books\/actes-des-colloques-dartefact\/actes-13e-colloque-international-etudiant-departement-dhistoire-luniversite&#8211;978-2-9816015-7-5\/004630co.pdf<\/a><\/h3>\n<p><strong>Abstract: <\/strong><!--more--><\/p>\n<blockquote><p>&#8220;En acceptant l\u2019initiative \u00abcontre la construction de minarets\u00bb le 29 novembre 2009, les Suisses ont exprim\u00e9 \u00e0 leur mani\u00e8re, en utilisant un symbole de l\u2019islam, la crainte de voir un jour cette religion s\u2019imposer en Occident. Pour les Suisses et la communaut\u00e9 internationale, la surprise fut g\u00e9n\u00e9rale lors de la fermeture des bureaux de scrutin. Pourtant, en jetant un coup d\u2019\u0153il aux journaux qui couvrirent la campagne, il est possible de cerner certains discours qui auraient d\u00fb alerter les mouvements d\u2019opposition et mobiliser la communaut\u00e9 musulmane de Suisse. Devant la campagne muscl\u00e9e aux accents pol\u00e9miques des \u00abinitiants\u00bb, les plus mod\u00e9r\u00e9s choisirent de garder le silence en avan\u00e7ant que l\u2019initiative, qui enfreignait des droits fondamentaux, visait davantage \u00e0 susciter le d\u00e9bat qu\u2019\u00e0 \u00eatre mise en application. Cependant, dans le \u00absecret de l\u2019urne\u00bb, les Suisses se sont exprim\u00e9s.&#8221;<\/p><\/blockquote>\n<p>&nbsp;<\/p>\n","protected":false},"excerpt":{"rendered":"<p>Author(s) : Andr\u00e9e-Ann Brassard Source : https:\/\/www.erudit.org\/en\/books\/actes-des-colloques-dartefact\/actes-13e-colloque-international-etudiant-departement-dhistoire-luniversite&#8211;978-2-9816015-7-5\/004630co.pdf Abstract:<\/p>\n","protected":false},"author":4,"featured_media":0,"comment_status":"open","ping_status":"open","sticky":false,"template":"","format":"standard","meta":{"_kadence_starter_templates_imported_post":false,"_kad_post_transparent":"","_kad_post_title":"","_kad_post_layout":"","_kad_post_sidebar_id":"","_kad_post_content_style":"","_kad_post_vertical_padding":"","_kad_post_feature":"","_kad_post_feature_position":"","_kad_post_header":false,"_kad_post_footer":false,"_kad_post_classname":"","jetpack_post_was_ever_published":false,"_jetpack_newsletter_access":"","_jetpack_dont_email_post_to_subs":false,"_jetpack_newsletter_tier_id":0,"_jetpack_memberships_contains_paywalled_content":false,"_jetpack_memberships_contains_paid_content":false,"footnotes":""},"categories":[12],"tags":[6,37,32,52,128,566,116,94,95,361,168,96],"class_list":["post-3568","post","type-post","status-publish","format-standard","hentry","category-politics","tag-6","tag-attitudes-towards-migrants","tag-book-chapter","tag-french-language","tag-human-rights","tag-islamophobia","tag-muslims","tag-political-system","tag-populism","tag-referendums-and-initiatives","tag-religious-practice","tag-voting-behaviour"],"jetpack_featured_media_url":"","jetpack_sharing_enabled":true,"_links":{"self":[{"href":"https:\/\/swissmig.unine.ch\/index.php?rest_route=\/wp\/v2\/posts\/3568","targetHints":{"allow":["GET"]}}],"collection":[{"href":"https:\/\/swissmig.unine.ch\/index.php?rest_route=\/wp\/v2\/posts"}],"about":[{"href":"https:\/\/swissmig.unine.ch\/index.php?rest_route=\/wp\/v2\/types\/post"}],"author":[{"embeddable":true,"href":"https:\/\/swissmig.unine.ch\/index.php?rest_route=\/wp\/v2\/users\/4"}],"replies":[{"embeddable":true,"href":"https:\/\/swissmig.unine.ch\/index.php?rest_route=%2Fwp%2Fv2%2Fcomments&post=3568"}],"version-history":[{"count":0,"href":"https:\/\/swissmig.unine.ch\/index.php?rest_route=\/wp\/v2\/posts\/3568\/revisions"}],"wp:attachment":[{"href":"https:\/\/swissmig.unine.ch\/index.php?rest_route=%2Fwp%2Fv2%2Fmedia&parent=3568"}],"wp:term":[{"taxonomy":"category","embeddable":true,"href":"https:\/\/swissmig.unine.ch\/index.php?rest_route=%2Fwp%2Fv2%2Fcategories&post=3568"},{"taxonomy":"post_tag","embeddable":true,"href":"https:\/\/swissmig.unine.ch\/index.php?rest_route=%2Fwp%2Fv2%2Ftags&post=3568"}],"curies":[{"name":"wp","href":"https:\/\/api.w.org\/{rel}","templated":true}]}}