{"id":35659,"date":"2023-07-31T09:00:00","date_gmt":"2023-07-31T08:00:00","guid":{"rendered":"https:\/\/swissmig.wordpress.com\/?p=35659"},"modified":"2023-07-31T09:00:00","modified_gmt":"2023-07-31T08:00:00","slug":"impact-des-contextes-legislatif-politique-et-economique-du-pays-dorigine-sur-la-naturalisation-le-cas-des-ressortissant%c2%b7e%c2%b7s-de-lunion-europeenne-en-suisse","status":"publish","type":"post","link":"https:\/\/swissmig.unine.ch\/?p=35659","title":{"rendered":"Impact des contextes l\u00e9gislatif, politique et \u00e9conomique du pays d\u2019origine sur la naturalisation. Le cas des ressortissant\u00b7e\u00b7s de l\u2019Union europ\u00e9enne en Suisse"},"content":{"rendered":"<h3>Author(s) : Aur\u00e9lie <span class=\"familyName\">Pont, <\/span>Philippe <span class=\"familyName\">Wanner<\/span><\/h3>\n<h3>Source : <a href=\"https:\/\/doi.org\/10.4000\/remi.23564\" target=\"_blank\" rel=\"noopener\">https:\/\/doi.org\/10.4000\/remi.23564<\/a><\/h3>\n<p><strong>Abstract: <\/strong><!--more--><\/p>\n<blockquote><p>La d\u00e9cision de se naturaliser d\u00e9pend non seulement du profil et de la trajectoire migratoire des personnes susceptibles d\u2019acqu\u00e9rir une nouvelle nationalit\u00e9, mais aussi des caract\u00e9ristiques des pays d\u2019accueil et d\u2019origine. Peu d\u2019attention est toutefois port\u00e9e aux changements survenant dans le pays d\u2019origine. Cet article s\u2019int\u00e9resse \u00e0 trois \u00e9v\u00e8nements ayant pu affecter la naturalisation des ressortissant\u00b7e\u00b7s \u00e9tranger\u00b7\u00e8re\u00b7s vivant en Suisse : la reconnaissance de la double nationalit\u00e9, l\u2019entr\u00e9e dans l\u2019UE et la crise de l\u2019euro. Il \u00e9claire les pratiques de naturalisation en comparant l\u2019\u00e9volution des taux de naturalisation durant les p\u00e9riodes pr\u00e9c\u00e9dant et suivant ces changements. Les r\u00e9sultats montrent que la reconnaissance de la double nationalit\u00e9 a certainement augment\u00e9 durablement l\u2019int\u00e9r\u00eat \u00e0 se naturaliser alors que le taux de naturalisation des nouveaux \u00c9tats membres de l\u2019UE diminue et converge vers le taux europ\u00e9en. L\u2019impact de la crise \u00e9conomique est quant \u00e0 lui plus discutable.<\/p>\n<p>Mots-cl\u00e9s : naturalisation, taux de naturalisation standardis\u00e9, double nationalit\u00e9, crise \u00e9conomique, adh\u00e9sion \u00e0 l\u2019UE<\/p><\/blockquote>\n","protected":false},"excerpt":{"rendered":"<p>Author(s) : Aur\u00e9lie Pont, Philippe Wanner Source : https:\/\/doi.org\/10.4000\/remi.23564 Abstract:<\/p>\n","protected":false},"author":4,"featured_media":0,"comment_status":"open","ping_status":"open","sticky":false,"template":"","format":"standard","meta":{"_kadence_starter_templates_imported_post":false,"_kad_post_transparent":"","_kad_post_title":"","_kad_post_layout":"","_kad_post_sidebar_id":"","_kad_post_content_style":"","_kad_post_vertical_padding":"","_kad_post_feature":"","_kad_post_feature_position":"","_kad_post_header":false,"_kad_post_footer":false,"_kad_post_classname":"","jetpack_post_was_ever_published":false,"_jetpack_newsletter_access":"","_jetpack_dont_email_post_to_subs":false,"_jetpack_newsletter_tier_id":0,"_jetpack_memberships_contains_paywalled_content":false,"_jetpack_memberships_contains_paid_content":false,"footnotes":""},"categories":[12],"tags":[739,7,70,92,310,642,27,52,93,279],"class_list":["post-35659","post","type-post","status-publish","format-standard","hentry","category-politics","tag-739","tag-article","tag-citizenship","tag-country-of-origin","tag-decision-making","tag-dual-citizenship","tag-european-union","tag-french-language","tag-naturalization","tag-socioeconomic-factors"],"jetpack_featured_media_url":"","jetpack_sharing_enabled":true,"_links":{"self":[{"href":"https:\/\/swissmig.unine.ch\/index.php?rest_route=\/wp\/v2\/posts\/35659","targetHints":{"allow":["GET"]}}],"collection":[{"href":"https:\/\/swissmig.unine.ch\/index.php?rest_route=\/wp\/v2\/posts"}],"about":[{"href":"https:\/\/swissmig.unine.ch\/index.php?rest_route=\/wp\/v2\/types\/post"}],"author":[{"embeddable":true,"href":"https:\/\/swissmig.unine.ch\/index.php?rest_route=\/wp\/v2\/users\/4"}],"replies":[{"embeddable":true,"href":"https:\/\/swissmig.unine.ch\/index.php?rest_route=%2Fwp%2Fv2%2Fcomments&post=35659"}],"version-history":[{"count":0,"href":"https:\/\/swissmig.unine.ch\/index.php?rest_route=\/wp\/v2\/posts\/35659\/revisions"}],"wp:attachment":[{"href":"https:\/\/swissmig.unine.ch\/index.php?rest_route=%2Fwp%2Fv2%2Fmedia&parent=35659"}],"wp:term":[{"taxonomy":"category","embeddable":true,"href":"https:\/\/swissmig.unine.ch\/index.php?rest_route=%2Fwp%2Fv2%2Fcategories&post=35659"},{"taxonomy":"post_tag","embeddable":true,"href":"https:\/\/swissmig.unine.ch\/index.php?rest_route=%2Fwp%2Fv2%2Ftags&post=35659"}],"curies":[{"name":"wp","href":"https:\/\/api.w.org\/{rel}","templated":true}]}}