{"id":3563,"date":"2020-03-02T09:00:11","date_gmt":"2020-03-02T08:00:11","guid":{"rendered":"https:\/\/swissmig.wordpress.com\/?p=3563"},"modified":"2020-03-02T09:00:11","modified_gmt":"2020-03-02T08:00:11","slug":"histoire-de-la-politique-de-migration-dasile-et-dintegration-en-suisse-depuis-1948","status":"publish","type":"post","link":"https:\/\/swissmig.unine.ch\/?p=3563","title":{"rendered":"Histoire de la politique de migration, d&#8217;asile et d&#8217;int\u00e9gration en Suisse depuis 1948"},"content":{"rendered":"<h3>Author(s) : Hans Mahnig, Sandro Cattacin, Mauro Cerutti, Yves Fl\u00fcckiger, Matteo Gianni, Marco Giugni, Jean-Marie Le Goff, Martin Niederberger, Lorena Parini, Florence Passy, Etienne Piguet<\/h3>\n<h3>Source : <a href=\"https:\/\/www.unige.ch\/sciences-societe\/socio\/files\/8114\/0533\/6235\/NiederbergerinMahnig2005.pdf\" target=\"_blank\" rel=\"noopener\">https:\/\/www.unige.ch\/sciences-societe\/socio\/files\/8114\/0533\/6235\/NiederbergerinMahnig2005.pdf<\/a><\/h3>\n<p><strong>Abstract: <\/strong><!--more--><\/p>\n<blockquote><p>&#8220;L\u2019immigration constitue un des enjeux politiques centraux de ce d\u00e9but de mill\u00e9naire. Dans presque tous les pays occidentaux, on observe aujourd\u2019hui des d\u00e9bats virulents et politis\u00e9s concernant la politique d\u2019admission, d\u2019une part, et une politique \u00e0 l\u2019\u00e9gard des immigr\u00e9s vivant dans les pays d\u2019accueil, habituellement appel\u00e9e \u00ab politique d\u2019int\u00e9gration \u00bb, d\u2019autre part. Le m\u00eame constat peut \u00eatre dress\u00e9 en Suisse, m\u00eame s\u2019il ne s\u2019agit pas d\u2019un ph\u00e9nom\u00e8ne nouveau : dans les ann\u00e9es soixante et soixante-dix, l\u2019immigration \u00e9tait une question centrale de la politique int\u00e9rieure \u2013 certains la voient m\u00eame comme la premi\u00e8re \u00e0 avoir d\u00e9montr\u00e9 les limites du mod\u00e8le politique suisse. Apr\u00e8s une courte \u00e9clipse, elle occupe de nouveau le devant de la sc\u00e8ne depuis le milieu des ann\u00e9es quatre-vingts.&#8221;<\/p><\/blockquote>\n<p>&nbsp;<\/p>\n","protected":false},"excerpt":{"rendered":"<p>Author(s) : Hans Mahnig, Sandro Cattacin, Mauro Cerutti, Yves Fl\u00fcckiger,&#8230;<\/p>\n","protected":false},"author":4,"featured_media":0,"comment_status":"open","ping_status":"open","sticky":false,"template":"","format":"standard","meta":{"_kadence_starter_templates_imported_post":false,"_kad_post_transparent":"","_kad_post_title":"","_kad_post_layout":"","_kad_post_sidebar_id":"","_kad_post_content_style":"","_kad_post_vertical_padding":"","_kad_post_feature":"","_kad_post_feature_position":"","_kad_post_header":false,"_kad_post_footer":false,"_kad_post_classname":"","jetpack_post_was_ever_published":false,"_jetpack_newsletter_access":"","_jetpack_dont_email_post_to_subs":false,"_jetpack_newsletter_tier_id":0,"_jetpack_memberships_contains_paywalled_content":false,"_jetpack_memberships_contains_paid_content":false,"footnotes":""},"categories":[35],"tags":[463,49,562,52,341,387,160,36,11,94,90,279,143,246],"class_list":["post-3563","post","type-post","status-publish","format-standard","hentry","category-history","tag-463","tag-asylum-policy","tag-book","tag-french-language","tag-geneva","tag-integration-policy","tag-integration-programmes","tag-migration-policy","tag-political-parties","tag-political-system","tag-reception-policy","tag-socioeconomic-factors","tag-statistical-data","tag-zurich"],"jetpack_featured_media_url":"","jetpack_sharing_enabled":true,"_links":{"self":[{"href":"https:\/\/swissmig.unine.ch\/index.php?rest_route=\/wp\/v2\/posts\/3563","targetHints":{"allow":["GET"]}}],"collection":[{"href":"https:\/\/swissmig.unine.ch\/index.php?rest_route=\/wp\/v2\/posts"}],"about":[{"href":"https:\/\/swissmig.unine.ch\/index.php?rest_route=\/wp\/v2\/types\/post"}],"author":[{"embeddable":true,"href":"https:\/\/swissmig.unine.ch\/index.php?rest_route=\/wp\/v2\/users\/4"}],"replies":[{"embeddable":true,"href":"https:\/\/swissmig.unine.ch\/index.php?rest_route=%2Fwp%2Fv2%2Fcomments&post=3563"}],"version-history":[{"count":0,"href":"https:\/\/swissmig.unine.ch\/index.php?rest_route=\/wp\/v2\/posts\/3563\/revisions"}],"wp:attachment":[{"href":"https:\/\/swissmig.unine.ch\/index.php?rest_route=%2Fwp%2Fv2%2Fmedia&parent=3563"}],"wp:term":[{"taxonomy":"category","embeddable":true,"href":"https:\/\/swissmig.unine.ch\/index.php?rest_route=%2Fwp%2Fv2%2Fcategories&post=3563"},{"taxonomy":"post_tag","embeddable":true,"href":"https:\/\/swissmig.unine.ch\/index.php?rest_route=%2Fwp%2Fv2%2Ftags&post=3563"}],"curies":[{"name":"wp","href":"https:\/\/api.w.org\/{rel}","templated":true}]}}