{"id":35598,"date":"2023-07-24T08:00:00","date_gmt":"2023-07-24T07:00:00","guid":{"rendered":"https:\/\/swissmig.wordpress.com\/?p=35598"},"modified":"2023-07-24T08:00:00","modified_gmt":"2023-07-24T07:00:00","slug":"evaluation-du-cout-economique-pour-le-canton-de-geneve-lie-a-linterdiction-de-travailler-des-jeunes-personnes-deboutees-de-lasile","status":"publish","type":"post","link":"https:\/\/swissmig.unine.ch\/?p=35598","title":{"rendered":"\u00c9valuation du co\u00fbt \u00e9conomique pour le canton de Gen\u00e8ve li\u00e9 \u00e0 l\u2019interdiction de travailler des jeunes personnes d\u00e9bout\u00e9es de l\u2019asile"},"content":{"rendered":"<h3>Author(s) : Julien Massard, Giovanni Ferro-Luzzi, Tobias M\u00fcller<\/h3>\n<h3>Source : <a href=\"https:\/\/asile.ch\/wp-content\/uploads\/2023\/06\/2-IREG_etude_jeunes-deboutes_final.pdf\" target=\"_blank\" rel=\"noopener\">https:\/\/asile.ch\/wp-content\/uploads\/2023\/06\/2-IREG_etude_jeunes-deboutes_final.pdf<\/a><\/h3>\n<p><strong>Abstract: <\/strong><!--more--><\/p>\n<blockquote><p>Les personnes dites \u00ab d\u00e9bout\u00e9es \u00bb de l\u2019asile ont re\u00e7u une d\u00e9cision de renvoi de Suisse : elles ne<br \/>\ndisposent pas de titre de s\u00e9jour et n\u2019ont pas le droit de travailler. En application de l\u2019article 12 de la Constitution, elles peuvent demander une aide appel\u00e9e \u00ab aide d\u2019urgence \u00bb. Selon les situations, une partie des personnes d\u00e9bout\u00e9es restent en Suisse plusieurs mois, voire plusieurs ann\u00e9es, l\u2019ex\u00e9cution de leur renvoi n\u2019\u00e9tant pas toujours possible. \u00c0 Gen\u00e8ve, en vertu du droit \u00e0 la formation, les jeunes personnes d\u00e9bout\u00e9es arriv\u00e9es avant 19 ans ont le droit de suivre une formation. Or, d\u00e8s la fin de leur formation, elles se retrouvent sans possibilit\u00e9 de valoriser ces acquis sur le march\u00e9 du travail. Elles restent alors \u00e0 la charge du canton. Cette \u00e9tude cherche \u00e0 estimer le co\u00fbt \u00e9conomique pour le canton de Gen\u00e8ve de l\u2019impossibilit\u00e9 pour ces jeunes de travailler.<\/p><\/blockquote>\n","protected":false},"excerpt":{"rendered":"<p>Author(s) : Julien Massard, Giovanni Ferro-Luzzi, Tobias M\u00fcller Source :&#8230;<\/p>\n","protected":false},"author":4,"featured_media":0,"comment_status":"open","ping_status":"open","sticky":false,"template":"","format":"standard","meta":{"_kadence_starter_templates_imported_post":false,"_kad_post_transparent":"","_kad_post_title":"","_kad_post_layout":"","_kad_post_sidebar_id":"","_kad_post_content_style":"","_kad_post_vertical_padding":"","_kad_post_feature":"","_kad_post_feature_position":"","_kad_post_header":false,"_kad_post_footer":false,"_kad_post_classname":"","jetpack_post_was_ever_published":false,"_jetpack_newsletter_access":"","_jetpack_dont_email_post_to_subs":false,"_jetpack_newsletter_tier_id":0,"_jetpack_memberships_contains_paywalled_content":false,"_jetpack_memberships_contains_paid_content":false,"footnotes":""},"categories":[16],"tags":[739,407,362,50,310,15,176,52,341,19,249,262,118],"class_list":["post-35598","post","type-post","status-publish","format-standard","hentry","category-economics","tag-739","tag-access-to-education","tag-access-to-employment","tag-asylum-seekers","tag-decision-making","tag-economic-impact","tag-economic-integration","tag-french-language","tag-geneva","tag-labour-market","tag-report","tag-undocumented-immigrants","tag-youth"],"jetpack_featured_media_url":"","jetpack_sharing_enabled":true,"_links":{"self":[{"href":"https:\/\/swissmig.unine.ch\/index.php?rest_route=\/wp\/v2\/posts\/35598","targetHints":{"allow":["GET"]}}],"collection":[{"href":"https:\/\/swissmig.unine.ch\/index.php?rest_route=\/wp\/v2\/posts"}],"about":[{"href":"https:\/\/swissmig.unine.ch\/index.php?rest_route=\/wp\/v2\/types\/post"}],"author":[{"embeddable":true,"href":"https:\/\/swissmig.unine.ch\/index.php?rest_route=\/wp\/v2\/users\/4"}],"replies":[{"embeddable":true,"href":"https:\/\/swissmig.unine.ch\/index.php?rest_route=%2Fwp%2Fv2%2Fcomments&post=35598"}],"version-history":[{"count":0,"href":"https:\/\/swissmig.unine.ch\/index.php?rest_route=\/wp\/v2\/posts\/35598\/revisions"}],"wp:attachment":[{"href":"https:\/\/swissmig.unine.ch\/index.php?rest_route=%2Fwp%2Fv2%2Fmedia&parent=35598"}],"wp:term":[{"taxonomy":"category","embeddable":true,"href":"https:\/\/swissmig.unine.ch\/index.php?rest_route=%2Fwp%2Fv2%2Fcategories&post=35598"},{"taxonomy":"post_tag","embeddable":true,"href":"https:\/\/swissmig.unine.ch\/index.php?rest_route=%2Fwp%2Fv2%2Ftags&post=35598"}],"curies":[{"name":"wp","href":"https:\/\/api.w.org\/{rel}","templated":true}]}}