{"id":35595,"date":"2023-07-24T08:00:00","date_gmt":"2023-07-24T07:00:00","guid":{"rendered":"https:\/\/swissmig.wordpress.com\/?p=35595"},"modified":"2023-07-24T08:00:00","modified_gmt":"2023-07-24T07:00:00","slug":"das-zusammenwohnen-von-gefluchteten-in-familien-etablieren","status":"publish","type":"post","link":"https:\/\/swissmig.unine.ch\/?p=35595","title":{"rendered":"Das Zusammenwohnen von Gefl\u00fcchteten in Familien etablieren"},"content":{"rendered":"<h3>Author(s) : Barbara Graf Mousa<\/h3>\n<h3>Source : <a href=\"https:\/\/www.fluechtlingshilfe.ch\/fileadmin\/user_upload\/Publikationen\/Magazin_Fluchtpunkt\/Fluchtpunkt_101_De_Web.pdf\" target=\"_blank\" rel=\"noopener\">https:\/\/www.fluechtlingshilfe.ch\/fileadmin\/user_upload\/Publikationen\/Magazin_Fluchtpunkt\/Fluchtpunkt_101_De_Web.pdf<\/a><\/h3>\n<p><strong>Abstract: <\/strong><!--more--><\/p>\n<blockquote><p>Das Gastfamilienprojekt steht im Zentrum der diesj\u00e4hrigen Kampagne der Schweizerischen<br \/>\nFl\u00fcchtlingshilfe (SFH) zum nationalen Fl\u00fcchtlingstag vom Samstag, 17. Juni 2023. \u00dcberall in der<br \/>\nSchweiz haben Familien nach dem Angriffskrieg auf die Ukraine spontan ihre T\u00fcren ge\u00f6ffnet<br \/>\nund ukrainische Gefl\u00fcchtete unkompliziert aufgenommen. Nun soll das Wohnen in Familien auf<br \/>\nalle Fl\u00fcchtlingsgruppen ausgeweitet und als fester Bestandteil des schweizerischen Asylwesens<br \/>\netabliert werden.<\/p><\/blockquote>\n","protected":false},"excerpt":{"rendered":"<p>Author(s) : Barbara Graf Mousa Source : https:\/\/www.fluechtlingshilfe.ch\/fileadmin\/user_upload\/Publikationen\/Magazin_Fluchtpunkt\/Fluchtpunkt_101_De_Web.pdf Abstract:<\/p>\n","protected":false},"author":4,"featured_media":0,"comment_status":"open","ping_status":"open","sticky":false,"template":"","format":"standard","meta":{"_kadence_starter_templates_imported_post":false,"_kad_post_transparent":"","_kad_post_title":"","_kad_post_layout":"","_kad_post_sidebar_id":"","_kad_post_content_style":"","_kad_post_vertical_padding":"","_kad_post_feature":"","_kad_post_feature_position":"","_kad_post_header":false,"_kad_post_footer":false,"_kad_post_classname":"","jetpack_post_was_ever_published":false,"_jetpack_newsletter_access":"","_jetpack_dont_email_post_to_subs":false,"_jetpack_newsletter_tier_id":0,"_jetpack_memberships_contains_paywalled_content":false,"_jetpack_memberships_contains_paid_content":false,"footnotes":""},"categories":[24],"tags":[739,7,176,21,73,378,90,103,91,647,677],"class_list":["post-35595","post","type-post","status-publish","format-standard","hentry","category-society-family-racism","tag-739","tag-article","tag-economic-integration","tag-family","tag-german-language","tag-housing","tag-reception-policy","tag-refugees","tag-social-integration","tag-ukrainians","tag-war"],"jetpack_featured_media_url":"","jetpack_sharing_enabled":true,"_links":{"self":[{"href":"https:\/\/swissmig.unine.ch\/index.php?rest_route=\/wp\/v2\/posts\/35595","targetHints":{"allow":["GET"]}}],"collection":[{"href":"https:\/\/swissmig.unine.ch\/index.php?rest_route=\/wp\/v2\/posts"}],"about":[{"href":"https:\/\/swissmig.unine.ch\/index.php?rest_route=\/wp\/v2\/types\/post"}],"author":[{"embeddable":true,"href":"https:\/\/swissmig.unine.ch\/index.php?rest_route=\/wp\/v2\/users\/4"}],"replies":[{"embeddable":true,"href":"https:\/\/swissmig.unine.ch\/index.php?rest_route=%2Fwp%2Fv2%2Fcomments&post=35595"}],"version-history":[{"count":0,"href":"https:\/\/swissmig.unine.ch\/index.php?rest_route=\/wp\/v2\/posts\/35595\/revisions"}],"wp:attachment":[{"href":"https:\/\/swissmig.unine.ch\/index.php?rest_route=%2Fwp%2Fv2%2Fmedia&parent=35595"}],"wp:term":[{"taxonomy":"category","embeddable":true,"href":"https:\/\/swissmig.unine.ch\/index.php?rest_route=%2Fwp%2Fv2%2Fcategories&post=35595"},{"taxonomy":"post_tag","embeddable":true,"href":"https:\/\/swissmig.unine.ch\/index.php?rest_route=%2Fwp%2Fv2%2Ftags&post=35595"}],"curies":[{"name":"wp","href":"https:\/\/api.w.org\/{rel}","templated":true}]}}