{"id":35569,"date":"2023-07-10T08:00:00","date_gmt":"2023-07-10T07:00:00","guid":{"rendered":"https:\/\/swissmig.wordpress.com\/?p=35569"},"modified":"2023-07-10T08:00:00","modified_gmt":"2023-07-10T07:00:00","slug":"reaffectation-du-stade-olympique-de-lausanne-vers-un-nouvel-espace-public-et-un-centre-de-logements-pour-refugies-larchitecture-modulaire-pour-accueillir-les-refugies-vers-un-cas-de-proj","status":"publish","type":"post","link":"https:\/\/swissmig.unine.ch\/?p=35569","title":{"rendered":"R\u00e9affectation du stade olympique de Lausanne: vers un nouvel espace public et un centre de logements pour r\u00e9fugi\u00e9s \/ L\u2019architecture modulaire pour accueillir les r\u00e9fugi\u00e9s : vers un cas de projet en suisse romande"},"content":{"rendered":"<h3>Author(s) : Jean-Marc Gilli\u00e9ron<\/h3>\n<h3>Source : <a href=\"https:\/\/infoscience.epfl.ch\/record\/297931\" target=\"_blank\" rel=\"noopener\">https:\/\/infoscience.epfl.ch\/record\/297931<\/a><\/h3>\n<p><strong>Abstract: <\/strong><!--more--><\/p>\n<blockquote>\n<div id=\"abstract-collapse\" class=\"detailed-section collapse in \">Construit en 1952, le stade de la Pontaise a \u00e9t\u00e9 consid\u00e9r\u00e9 pendant des d\u00e9cennies comme un monument symbolique de Lausanne. Peu utilis\u00e9 depuis quelques ann\u00e9es, il est devenu un h\u00e9ritage encombrant pour la Ville qui pr\u00e9voyait d\u00e9j\u00e0 sa d\u00e9molition en 2017. Si sa dur\u00e9e de vie a \u00e9t\u00e9 officiellement prolong\u00e9e jusqu\u2019en 2026, son avenir reste incertain. Parall\u00e8lement, dans le cadre de M\u00e9tamorphose, la construction de l\u2019\u00e9coquartier des Plaines-du-Loup qui jouxte le stade a commenc\u00e9. Alternative \u00e0 sa d\u00e9molition, le projet voit ce monument comme une ressource \u00e0 exploiter, il en propose une nouvelle affectation en lien avec le futur quartier. Deux programmes s\u2019entrem\u00ealent, d\u2019une part une desserte publique pour celui-ci, d\u2019autre part une structure d\u2019accueil proposant des logements pour r\u00e9fugi\u00e9s. Les gradins sont en partie d\u00e9mont\u00e9s, de part et d\u2019autre, afin de garantir une continuit\u00e9 de l\u2019espace public au sein du quartier\u00a0; le parc du V\u00e9lodrome est ainsi prolong\u00e9 jusque dans l\u2019enceinte du stade. A disposition des futurs habitants et offrant aux r\u00e9fugi\u00e9s la possibilit\u00e9 d\u2019un premier emploi ou d\u2019une formation, les fonctions tertiaires sont install\u00e9es au rez-de-chauss\u00e9e du b\u00e2timent de m\u00eame que celles d\u2019aide \u00e0 l\u2019int\u00e9gration. Une partie d\u00e9di\u00e9e au sport est \u00e9galement pr\u00e9serv\u00e9e, comme un h\u00e9ritage. Les \u00e9tages sup\u00e9rieurs, dans les gradins, sont eux investis par les logements sous forme de modules venant s\u2019ins\u00e9rer dans la structure du stade. La coursive pr\u00e9existante, qui est prolong\u00e9e pour y acc\u00e9der, compose une promenade liant les habitations avec le nouvel espace public.<\/div>\n<\/blockquote>\n","protected":false},"excerpt":{"rendered":"<p>Author(s) : Jean-Marc Gilli\u00e9ron Source : https:\/\/infoscience.epfl.ch\/record\/297931 Abstract:<\/p>\n","protected":false},"author":4,"featured_media":0,"comment_status":"open","ping_status":"open","sticky":false,"template":"","format":"standard","meta":{"_kadence_starter_templates_imported_post":false,"_kad_post_transparent":"","_kad_post_title":"","_kad_post_layout":"","_kad_post_sidebar_id":"","_kad_post_content_style":"","_kad_post_vertical_padding":"","_kad_post_feature":"","_kad_post_feature_position":"","_kad_post_header":false,"_kad_post_footer":false,"_kad_post_classname":"","jetpack_post_was_ever_published":false,"_jetpack_newsletter_access":"","_jetpack_dont_email_post_to_subs":false,"_jetpack_newsletter_tier_id":0,"_jetpack_memberships_contains_paywalled_content":false,"_jetpack_memberships_contains_paid_content":false,"footnotes":""},"categories":[12],"tags":[722,8,52,378,104,319,103,91,376,392,370],"class_list":["post-35569","post","type-post","status-publish","format-standard","hentry","category-politics","tag-722","tag-case-study","tag-french-language","tag-housing","tag-living-conditions","tag-master-thesis","tag-refugees","tag-social-integration","tag-urban-areas","tag-urban-policy","tag-vaud"],"jetpack_featured_media_url":"","jetpack_sharing_enabled":true,"_links":{"self":[{"href":"https:\/\/swissmig.unine.ch\/index.php?rest_route=\/wp\/v2\/posts\/35569","targetHints":{"allow":["GET"]}}],"collection":[{"href":"https:\/\/swissmig.unine.ch\/index.php?rest_route=\/wp\/v2\/posts"}],"about":[{"href":"https:\/\/swissmig.unine.ch\/index.php?rest_route=\/wp\/v2\/types\/post"}],"author":[{"embeddable":true,"href":"https:\/\/swissmig.unine.ch\/index.php?rest_route=\/wp\/v2\/users\/4"}],"replies":[{"embeddable":true,"href":"https:\/\/swissmig.unine.ch\/index.php?rest_route=%2Fwp%2Fv2%2Fcomments&post=35569"}],"version-history":[{"count":0,"href":"https:\/\/swissmig.unine.ch\/index.php?rest_route=\/wp\/v2\/posts\/35569\/revisions"}],"wp:attachment":[{"href":"https:\/\/swissmig.unine.ch\/index.php?rest_route=%2Fwp%2Fv2%2Fmedia&parent=35569"}],"wp:term":[{"taxonomy":"category","embeddable":true,"href":"https:\/\/swissmig.unine.ch\/index.php?rest_route=%2Fwp%2Fv2%2Fcategories&post=35569"},{"taxonomy":"post_tag","embeddable":true,"href":"https:\/\/swissmig.unine.ch\/index.php?rest_route=%2Fwp%2Fv2%2Ftags&post=35569"}],"curies":[{"name":"wp","href":"https:\/\/api.w.org\/{rel}","templated":true}]}}