{"id":35509,"date":"2023-07-03T08:00:00","date_gmt":"2023-07-03T07:00:00","guid":{"rendered":"https:\/\/swissmig.wordpress.com\/?p=35509"},"modified":"2023-07-03T08:00:00","modified_gmt":"2023-07-03T07:00:00","slug":"verbrasilianern-lemigration-suisse-au-bresil-et-la-question-de-lintegration","status":"publish","type":"post","link":"https:\/\/swissmig.unine.ch\/?p=35509","title":{"rendered":"&#8220;Verbrasilianern&#8221;: L&#8217;\u00e9migration suisse au Br\u00e9sil et la question de l&#8217;int\u00e9gration"},"content":{"rendered":"<h3>Author(s) : Jeroen Dewulf<\/h3>\n<h3>Source : <a href=\"https:\/\/dx.doi.org\/10.1353\/smr.2006.0034\" target=\"_blank\" rel=\"noopener\">https:\/\/dx.doi.org\/10.1353\/smr.2006.0034<\/a><\/h3>\n<p><strong>Abstract:<\/strong><!--more--><\/p>\n<blockquote>\n<div id=\"sec0\" class=\"col article-abstract sec\">\n<div class=\"abstract-text-container\">\n<div lang=\"en\">\n<div class=\"abstract-content\">\n<div class=\"abstract\">\n<p>Lorsqu&#8217;on parle d&#8217;identit\u00e9 suisse, la figure de Wilhelm Tell est presque incontournable. Le fameux archer d&#8217;Uri appara\u00eet d\u00e8s qu&#8217;il s&#8217;agit de l\u00e9gitimer la Suisse comme nation. En r\u00e8gle g\u00e9n\u00e9rale, il s&#8217;agit d&#8217;une l\u00e9gitimation restrictive, dans laquelle le pays est compar\u00e9 \u00e0 un gigantesque h\u00f4tel <em>Ritz<\/em>: tout le monde est bienvenu, mais seuls ceux qui ont les moyens ou qui sont pr\u00eats \u00e0 laver le linge sale des autres r\u00e9sidents peuvent y rester. \u00c0 moins qu&#8217;on ne soit descendant de ceux qui vivent &#8220;depuis toujours&#8221; dans cet h\u00f4tel, c&#8217;est-\u00e0-dire des vrais &#8220;fils&#8221; de Wilhelm Tell. Aujourd&#8217;hui, presque tout le monde semble avoir oubli\u00e9 qu&#8217;au milieu du XIX<sup>e<\/sup> si\u00e8cle la pauvret\u00e9 s\u00e9vissait encore en Suisse, ce qui provoquait une forte \u00e9migration vers les Am\u00e9riques. Dans les discussions suisses de l&#8217;\u00e9poque, lorsqu&#8217;il est question d&#8217;\u00e9migration, le nom de Wilhelm Tell appara\u00eet fr\u00e9quemment. \u00c0 premi\u00e8re vue, il para\u00eet logique que ce soient les adversaires de la politique d&#8217;\u00e9migration qui citent Wilhelm Tell.<\/p>\n<\/div>\n<\/div>\n<hr class=\"abstract-divider separator default\" aria-hidden=\"true\" \/>\n<\/div>\n<\/div>\n<\/div>\n<\/blockquote>\n","protected":false},"excerpt":{"rendered":"<p>Author(s) : Jeroen Dewulf Source : https:\/\/dx.doi.org\/10.1353\/smr.2006.0034 Abstract:<\/p>\n","protected":false},"author":4,"featured_media":0,"comment_status":"open","ping_status":"open","sticky":false,"template":"","format":"standard","meta":{"_kadence_starter_templates_imported_post":false,"_kad_post_transparent":"","_kad_post_title":"","_kad_post_layout":"","_kad_post_sidebar_id":"","_kad_post_content_style":"","_kad_post_vertical_padding":"","_kad_post_feature":"","_kad_post_feature_position":"","_kad_post_header":false,"_kad_post_footer":false,"_kad_post_classname":"","jetpack_post_was_ever_published":false,"_jetpack_newsletter_access":"","_jetpack_dont_email_post_to_subs":false,"_jetpack_newsletter_tier_id":0,"_jetpack_memberships_contains_paywalled_content":false,"_jetpack_memberships_contains_paid_content":false,"footnotes":""},"categories":[35],"tags":[417,457,7,281,557,70,310,137,634,52,104,356,102,91],"class_list":["post-35509","post","type-post","status-publish","format-standard","hentry","category-history","tag-417","tag-americas","tag-article","tag-belonging","tag-brazil","tag-citizenship","tag-decision-making","tag-emigration","tag-ethnography","tag-french-language","tag-living-conditions","tag-migratory-status","tag-poverty","tag-social-integration"],"jetpack_featured_media_url":"","jetpack_sharing_enabled":true,"_links":{"self":[{"href":"https:\/\/swissmig.unine.ch\/index.php?rest_route=\/wp\/v2\/posts\/35509","targetHints":{"allow":["GET"]}}],"collection":[{"href":"https:\/\/swissmig.unine.ch\/index.php?rest_route=\/wp\/v2\/posts"}],"about":[{"href":"https:\/\/swissmig.unine.ch\/index.php?rest_route=\/wp\/v2\/types\/post"}],"author":[{"embeddable":true,"href":"https:\/\/swissmig.unine.ch\/index.php?rest_route=\/wp\/v2\/users\/4"}],"replies":[{"embeddable":true,"href":"https:\/\/swissmig.unine.ch\/index.php?rest_route=%2Fwp%2Fv2%2Fcomments&post=35509"}],"version-history":[{"count":0,"href":"https:\/\/swissmig.unine.ch\/index.php?rest_route=\/wp\/v2\/posts\/35509\/revisions"}],"wp:attachment":[{"href":"https:\/\/swissmig.unine.ch\/index.php?rest_route=%2Fwp%2Fv2%2Fmedia&parent=35509"}],"wp:term":[{"taxonomy":"category","embeddable":true,"href":"https:\/\/swissmig.unine.ch\/index.php?rest_route=%2Fwp%2Fv2%2Fcategories&post=35509"},{"taxonomy":"post_tag","embeddable":true,"href":"https:\/\/swissmig.unine.ch\/index.php?rest_route=%2Fwp%2Fv2%2Ftags&post=35509"}],"curies":[{"name":"wp","href":"https:\/\/api.w.org\/{rel}","templated":true}]}}