{"id":35491,"date":"2023-06-26T08:00:00","date_gmt":"2023-06-26T07:00:00","guid":{"rendered":"https:\/\/swissmig.wordpress.com\/?p=35491"},"modified":"2023-06-26T08:00:00","modified_gmt":"2023-06-26T07:00:00","slug":"gute-sorge-ohne-gute-arbeit-live-in-care-in-deutschland-osterreich-und-der-schweiz","status":"publish","type":"post","link":"https:\/\/swissmig.unine.ch\/?p=35491","title":{"rendered":"Gute Sorge ohne gute Arbeit? Live-in-Care in Deutschland, \u00d6sterreich und der Schweiz"},"content":{"rendered":"<h3>Author(s) : Brigitte Aulenbacher, Helma Lutz, Karin Schwiter<\/h3>\n<h3>Source : <a href=\"https:\/\/doi.org\/10.5167\/uzh-202765\" target=\"_blank\" rel=\"noopener\">https:\/\/doi.org\/10.5167\/uzh-202765<\/a><\/h3>\n<p><strong>Abstract: <\/strong><!--more--><\/p>\n<blockquote><p>Im Alter gut betreut zu Hause zu leben \u2013 dieser Wunsch ist in Deutschland, \u00d6sterreich und der Schweiz verbreitet. Die sogenannte 24-Stunden-Betreuung verspricht, ihn zu erf\u00fcllen, ohne jedoch gute Arbeitsbedingungen gew\u00e4hrleisten zu k\u00f6nnen. Dieser Grundkonflikt durchzieht den Alltag der Live-in-Care, ist Gegenstand von Auseinandersetzungen um Sorge- und Arbeitsbedingungen und f\u00fchrt zum Nachdenken \u00fcber Alternativen. Das Buch zeigt, wie das transnationale Betreuungsarrangement in den drei L\u00e4ndern ausgestaltet ist und wie Agenturen, Betreuende, Betreute, Angeh\u00f6rige und weitere Stakeholder mit der Situation umgehen.<\/p><\/blockquote>\n","protected":false},"excerpt":{"rendered":"<p>Author(s) : Brigitte Aulenbacher, Helma Lutz, Karin Schwiter Source :&#8230;<\/p>\n","protected":false},"author":4,"featured_media":0,"comment_status":"open","ping_status":"open","sticky":false,"template":"","format":"standard","meta":{"_kadence_starter_templates_imported_post":false,"_kad_post_transparent":"","_kad_post_title":"","_kad_post_layout":"","_kad_post_sidebar_id":"","_kad_post_content_style":"","_kad_post_vertical_padding":"","_kad_post_feature":"","_kad_post_feature_position":"","_kad_post_header":false,"_kad_post_footer":false,"_kad_post_classname":"","jetpack_post_was_ever_published":false,"_jetpack_newsletter_access":"","_jetpack_dont_email_post_to_subs":false,"_jetpack_newsletter_tier_id":0,"_jetpack_memberships_contains_paywalled_content":false,"_jetpack_memberships_contains_paid_content":false,"footnotes":""},"categories":[16],"tags":[693,251,562,659,746,142,73,226,150,245,26,158],"class_list":["post-35491","post","type-post","status-publish","format-standard","hentry","category-economics","tag-693","tag-austria","tag-book","tag-care-workers","tag-domestic-workers","tag-elderly","tag-german-language","tag-germany","tag-precarious-employment","tag-temporary-migration","tag-transnationalism","tag-working-conditions"],"jetpack_featured_media_url":"","jetpack_sharing_enabled":true,"_links":{"self":[{"href":"https:\/\/swissmig.unine.ch\/index.php?rest_route=\/wp\/v2\/posts\/35491","targetHints":{"allow":["GET"]}}],"collection":[{"href":"https:\/\/swissmig.unine.ch\/index.php?rest_route=\/wp\/v2\/posts"}],"about":[{"href":"https:\/\/swissmig.unine.ch\/index.php?rest_route=\/wp\/v2\/types\/post"}],"author":[{"embeddable":true,"href":"https:\/\/swissmig.unine.ch\/index.php?rest_route=\/wp\/v2\/users\/4"}],"replies":[{"embeddable":true,"href":"https:\/\/swissmig.unine.ch\/index.php?rest_route=%2Fwp%2Fv2%2Fcomments&post=35491"}],"version-history":[{"count":0,"href":"https:\/\/swissmig.unine.ch\/index.php?rest_route=\/wp\/v2\/posts\/35491\/revisions"}],"wp:attachment":[{"href":"https:\/\/swissmig.unine.ch\/index.php?rest_route=%2Fwp%2Fv2%2Fmedia&parent=35491"}],"wp:term":[{"taxonomy":"category","embeddable":true,"href":"https:\/\/swissmig.unine.ch\/index.php?rest_route=%2Fwp%2Fv2%2Fcategories&post=35491"},{"taxonomy":"post_tag","embeddable":true,"href":"https:\/\/swissmig.unine.ch\/index.php?rest_route=%2Fwp%2Fv2%2Ftags&post=35491"}],"curies":[{"name":"wp","href":"https:\/\/api.w.org\/{rel}","templated":true}]}}