{"id":35485,"date":"2023-06-19T08:00:00","date_gmt":"2023-06-19T07:00:00","guid":{"rendered":"https:\/\/swissmig.wordpress.com\/?p=35485"},"modified":"2023-06-19T08:00:00","modified_gmt":"2023-06-19T07:00:00","slug":"in-die-schweiz-gefluchtet-und-jetzt-in-eine-lehre-jugendliche-aus-der-ukraine-vor-der-triage-gymnasium-berufsbildung","status":"publish","type":"post","link":"https:\/\/swissmig.unine.ch\/?p=35485","title":{"rendered":"In die Schweiz gefl\u00fcchtet \u2013 und jetzt in eine Lehre?: Jugendliche aus der Ukraine vor der Triage Gymnasium-Berufsbildung"},"content":{"rendered":"<h3>Author(s) : Daniel Fleischmann<\/h3>\n<p><strong>Source: <a href=\"https:\/\/transfer.vet\/in-die-schweiz-gefluechtet-und-jetzt-in-eine-lehre\/\" target=\"_blank\" rel=\"noopener\">https:\/\/transfer.vet\/in-die-schweiz-gefluechtet-und-jetzt-in-eine-lehre\/<\/a><\/strong><!--more--><\/p>\n<blockquote>\n<div id=\"sec0\" class=\"col article-abstract sec\">\n<div class=\"abstract-text-container\">\n<div lang=\"en\">\n<div class=\"abstract-content\">\n<div class=\"abstract\">\n<p>Durch den Krieg in der Ukraine gelangen nach Sch\u00e4tzung der Kantone bis Ende Jahr rund 300\u2019000 Menschen in die Schweiz. Viele haben in ihrem Land zuletzt ein Gymnasium besucht. Welche M\u00f6glichkeiten bieten sich ihnen in der Schweiz? Welche Angebote kann die Berufsbildung machen? Im Gespr\u00e4ch mit Transfer macht Peter Marbet, SBBK, deutlich, dass in den n\u00e4chsten Monaten f\u00fcr die Betroffenen wichtige individuelle Weichen gestellt werden. Die Kantone entscheiden \u00fcber eine Zuweisung in eine allgemeinbildende Schule oder alternative Wege.<\/p>\n<\/div>\n<\/div>\n<\/div>\n<\/div>\n<\/div>\n<\/blockquote>\n","protected":false},"excerpt":{"rendered":"<p>Author(s) : Daniel Fleischmann Source: https:\/\/transfer.vet\/in-die-schweiz-gefluechtet-und-jetzt-in-eine-lehre\/<\/p>\n","protected":false},"author":4,"featured_media":0,"comment_status":"open","ping_status":"open","sticky":false,"template":"","format":"standard","meta":{"_kadence_starter_templates_imported_post":false,"_kad_post_transparent":"","_kad_post_title":"","_kad_post_layout":"","_kad_post_sidebar_id":"","_kad_post_content_style":"","_kad_post_vertical_padding":"","_kad_post_feature":"","_kad_post_feature_position":"","_kad_post_header":false,"_kad_post_footer":false,"_kad_post_classname":"","jetpack_post_was_ever_published":false,"_jetpack_newsletter_access":"","_jetpack_dont_email_post_to_subs":false,"_jetpack_newsletter_tier_id":0,"_jetpack_memberships_contains_paywalled_content":false,"_jetpack_memberships_contains_paid_content":false,"footnotes":""},"categories":[61],"tags":[722,7,273,142,73,80,122,110,90,91,290,647,371,677,118],"class_list":["post-35485","post","type-post","status-publish","format-standard","hentry","category-education","tag-722","tag-article","tag-cantons","tag-elderly","tag-german-language","tag-higher-education","tag-migrants","tag-mobility","tag-reception-policy","tag-social-integration","tag-students","tag-ukrainians","tag-vocational-training","tag-war","tag-youth"],"jetpack_featured_media_url":"","jetpack_sharing_enabled":true,"_links":{"self":[{"href":"https:\/\/swissmig.unine.ch\/index.php?rest_route=\/wp\/v2\/posts\/35485","targetHints":{"allow":["GET"]}}],"collection":[{"href":"https:\/\/swissmig.unine.ch\/index.php?rest_route=\/wp\/v2\/posts"}],"about":[{"href":"https:\/\/swissmig.unine.ch\/index.php?rest_route=\/wp\/v2\/types\/post"}],"author":[{"embeddable":true,"href":"https:\/\/swissmig.unine.ch\/index.php?rest_route=\/wp\/v2\/users\/4"}],"replies":[{"embeddable":true,"href":"https:\/\/swissmig.unine.ch\/index.php?rest_route=%2Fwp%2Fv2%2Fcomments&post=35485"}],"version-history":[{"count":0,"href":"https:\/\/swissmig.unine.ch\/index.php?rest_route=\/wp\/v2\/posts\/35485\/revisions"}],"wp:attachment":[{"href":"https:\/\/swissmig.unine.ch\/index.php?rest_route=%2Fwp%2Fv2%2Fmedia&parent=35485"}],"wp:term":[{"taxonomy":"category","embeddable":true,"href":"https:\/\/swissmig.unine.ch\/index.php?rest_route=%2Fwp%2Fv2%2Fcategories&post=35485"},{"taxonomy":"post_tag","embeddable":true,"href":"https:\/\/swissmig.unine.ch\/index.php?rest_route=%2Fwp%2Fv2%2Ftags&post=35485"}],"curies":[{"name":"wp","href":"https:\/\/api.w.org\/{rel}","templated":true}]}}