{"id":35441,"date":"2023-06-05T08:00:00","date_gmt":"2023-06-05T07:00:00","guid":{"rendered":"https:\/\/swissmig.wordpress.com\/?p=35441"},"modified":"2023-06-05T08:00:00","modified_gmt":"2023-06-05T07:00:00","slug":"stereotypes-et-discrimination-des-candidats-albanophones-a-lembauche-en-suisse-romande-limportance-du-nom-dans-le-processus-de-selection","status":"publish","type":"post","link":"https:\/\/swissmig.unine.ch\/?p=35441","title":{"rendered":"St\u00e9r\u00e9otypes et discrimination des candidats albanophones \u00e0 l&#8217;embauche en Suisse romande: l&#8217;importance du nom dans le processus de s\u00e9lection"},"content":{"rendered":"<h3>Author(s) : Jacqueline Castelnuovo<\/h3>\n<h3>Source : <a href=\"https:\/\/unine.swisscovery.slsp.ch\/permalink\/41SLSP_UNE\/b1j16q\/alma991006984599705517\" target=\"_blank\" rel=\"noopener\">https:\/\/unine.swisscovery.slsp.ch\/permalink\/41SLSP_UNE\/b1j16q\/alma991006984599705517<\/a><\/h3>\n<p><strong>Abstract: N\/A<\/strong><\/p>\n","protected":false},"excerpt":{"rendered":"<p>Author(s) : Jacqueline Castelnuovo Source : https:\/\/unine.swisscovery.slsp.ch\/permalink\/41SLSP_UNE\/b1j16q\/alma991006984599705517 Abstract: N\/A<\/p>\n","protected":false},"author":4,"featured_media":0,"comment_status":"open","ping_status":"open","sticky":false,"template":"","format":"standard","meta":{"_kadence_starter_templates_imported_post":false,"_kad_post_transparent":"","_kad_post_title":"","_kad_post_layout":"","_kad_post_sidebar_id":"","_kad_post_content_style":"","_kad_post_vertical_padding":"","_kad_post_feature":"","_kad_post_feature_position":"","_kad_post_header":false,"_kad_post_footer":false,"_kad_post_classname":"","jetpack_post_was_ever_published":false,"_jetpack_newsletter_access":"","_jetpack_dont_email_post_to_subs":false,"_jetpack_newsletter_tier_id":0,"_jetpack_memberships_contains_paywalled_content":false,"_jetpack_memberships_contains_paid_content":false,"footnotes":""},"categories":[16],"tags":[141,362,336,176,79,82,52,19,319,257],"class_list":["post-35441","post","type-post","status-publish","format-standard","hentry","category-economics","tag-141","tag-access-to-employment","tag-albanians","tag-economic-integration","tag-equal-opportunities","tag-ethnic-discrimination","tag-french-language","tag-labour-market","tag-master-thesis","tag-stereotypes"],"jetpack_featured_media_url":"","jetpack_sharing_enabled":true,"_links":{"self":[{"href":"https:\/\/swissmig.unine.ch\/index.php?rest_route=\/wp\/v2\/posts\/35441","targetHints":{"allow":["GET"]}}],"collection":[{"href":"https:\/\/swissmig.unine.ch\/index.php?rest_route=\/wp\/v2\/posts"}],"about":[{"href":"https:\/\/swissmig.unine.ch\/index.php?rest_route=\/wp\/v2\/types\/post"}],"author":[{"embeddable":true,"href":"https:\/\/swissmig.unine.ch\/index.php?rest_route=\/wp\/v2\/users\/4"}],"replies":[{"embeddable":true,"href":"https:\/\/swissmig.unine.ch\/index.php?rest_route=%2Fwp%2Fv2%2Fcomments&post=35441"}],"version-history":[{"count":0,"href":"https:\/\/swissmig.unine.ch\/index.php?rest_route=\/wp\/v2\/posts\/35441\/revisions"}],"wp:attachment":[{"href":"https:\/\/swissmig.unine.ch\/index.php?rest_route=%2Fwp%2Fv2%2Fmedia&parent=35441"}],"wp:term":[{"taxonomy":"category","embeddable":true,"href":"https:\/\/swissmig.unine.ch\/index.php?rest_route=%2Fwp%2Fv2%2Fcategories&post=35441"},{"taxonomy":"post_tag","embeddable":true,"href":"https:\/\/swissmig.unine.ch\/index.php?rest_route=%2Fwp%2Fv2%2Ftags&post=35441"}],"curies":[{"name":"wp","href":"https:\/\/api.w.org\/{rel}","templated":true}]}}