{"id":35428,"date":"2023-05-29T08:00:00","date_gmt":"2023-05-29T07:00:00","guid":{"rendered":"https:\/\/swissmig.wordpress.com\/?p=35428"},"modified":"2023-05-29T08:00:00","modified_gmt":"2023-05-29T07:00:00","slug":"gastfamilien-fur-ukrainische-gefluchtete-kurzbericht-zur-uberregionalen-befragung-von-gastfamilien-zwischen-oktober-und-dezember-2022","status":"publish","type":"post","link":"https:\/\/swissmig.unine.ch\/?p=35428","title":{"rendered":"Gastfamilien f\u00fcr ukrainische Gefl\u00fcchtete: Kurzbericht zur \u00fcberregionalen Befragung von Gastfamilien zwischen Oktober und Dezember 2022"},"content":{"rendered":"<h3>Author(s) : Raphael Strauss, <span id=\"page14R_mcid2\" class=\"markedContent\"><span dir=\"ltr\" role=\"presentation\">Gesine Fuchs<\/span><\/span>, <span id=\"page14R_mcid3\" class=\"markedContent\"><span dir=\"ltr\" role=\"presentation\">Eveline Ammann<\/span><\/span><\/h3>\n<h3>Source :\u00a0<a href=\"https:\/\/www.fluechtlingshilfe.ch\/aktiv-werden\/fuer-ukrainische-gefluechtete\/gastfamilien-fuer-ukrainische-gefluechtete\" target=\"_blank\" rel=\"noopener\">https:\/\/www.fluechtlingshilfe.ch\/aktiv-werden\/fuer-ukrainische-gefluechtete\/gastfamilien-fuer-ukrainische-gefluechtete<\/a><\/h3>\n<p><strong>Abstract:<\/strong> N\/A<\/p>\n","protected":false},"excerpt":{"rendered":"<p>Author(s) : Raphael Strauss, Gesine Fuchs, Eveline Ammann Source :\u00a0https:\/\/www.fluechtlingshilfe.ch\/aktiv-werden\/fuer-ukrainische-gefluechtete\/gastfamilien-fuer-ukrainische-gefluechtete&#8230;<\/p>\n","protected":false},"author":4,"featured_media":0,"comment_status":"open","ping_status":"open","sticky":false,"template":"","format":"standard","meta":{"_kadence_starter_templates_imported_post":false,"_kad_post_transparent":"","_kad_post_title":"","_kad_post_layout":"","_kad_post_sidebar_id":"","_kad_post_content_style":"","_kad_post_vertical_padding":"","_kad_post_feature":"","_kad_post_feature_position":"","_kad_post_header":false,"_kad_post_footer":false,"_kad_post_classname":"","jetpack_post_was_ever_published":false,"_jetpack_newsletter_access":"","_jetpack_dont_email_post_to_subs":false,"_jetpack_newsletter_tier_id":0,"_jetpack_memberships_contains_paywalled_content":false,"_jetpack_memberships_contains_paid_content":false,"footnotes":""},"categories":[12],"tags":[739,49,50,73,744,745,103,249,647],"class_list":["post-35428","post","type-post","status-publish","format-standard","hentry","category-politics","tag-739","tag-asylum-policy","tag-asylum-seekers","tag-german-language","tag-host-family","tag-private-hosting","tag-refugees","tag-report","tag-ukrainians"],"jetpack_featured_media_url":"","jetpack_sharing_enabled":true,"_links":{"self":[{"href":"https:\/\/swissmig.unine.ch\/index.php?rest_route=\/wp\/v2\/posts\/35428","targetHints":{"allow":["GET"]}}],"collection":[{"href":"https:\/\/swissmig.unine.ch\/index.php?rest_route=\/wp\/v2\/posts"}],"about":[{"href":"https:\/\/swissmig.unine.ch\/index.php?rest_route=\/wp\/v2\/types\/post"}],"author":[{"embeddable":true,"href":"https:\/\/swissmig.unine.ch\/index.php?rest_route=\/wp\/v2\/users\/4"}],"replies":[{"embeddable":true,"href":"https:\/\/swissmig.unine.ch\/index.php?rest_route=%2Fwp%2Fv2%2Fcomments&post=35428"}],"version-history":[{"count":0,"href":"https:\/\/swissmig.unine.ch\/index.php?rest_route=\/wp\/v2\/posts\/35428\/revisions"}],"wp:attachment":[{"href":"https:\/\/swissmig.unine.ch\/index.php?rest_route=%2Fwp%2Fv2%2Fmedia&parent=35428"}],"wp:term":[{"taxonomy":"category","embeddable":true,"href":"https:\/\/swissmig.unine.ch\/index.php?rest_route=%2Fwp%2Fv2%2Fcategories&post=35428"},{"taxonomy":"post_tag","embeddable":true,"href":"https:\/\/swissmig.unine.ch\/index.php?rest_route=%2Fwp%2Fv2%2Ftags&post=35428"}],"curies":[{"name":"wp","href":"https:\/\/api.w.org\/{rel}","templated":true}]}}