{"id":35411,"date":"2023-05-22T08:00:00","date_gmt":"2023-05-22T07:00:00","guid":{"rendered":"https:\/\/swissmig.wordpress.com\/?p=35411"},"modified":"2023-05-22T08:00:00","modified_gmt":"2023-05-22T07:00:00","slug":"ganancia-o-desperdicio-de-cerebros-en-la-migracion-de-universitarios-espanoles-e-italianos-a-suiza-la-falta-de-oportunidades-tiene-un-rostro-femenino","status":"publish","type":"post","link":"https:\/\/swissmig.unine.ch\/?p=35411","title":{"rendered":"&#8220;Ganancia&#8221; O &#8220;Desperdicio De Cerebros&#8221; En La Migraci\u00f3n De Universitarios Espa\u00f1oles E Italianos a Suiza? La Falta De Oportunidades Tiene Un Rostro Femenino"},"content":{"rendered":"<h3>Author(s) : Yvonne Ria\u00f1o<\/h3>\n<h3>Source : <a href=\"https:\/\/www.researchgate.net\/publication\/370221669_GANANCIA_O_DESPERDICIO_DE_CEREBROS_EN_LA_MIGRACION_DE_UNIVERSITARIOS_ESPANOLES_E_ITALIANOS_A_SUIZA_LA_FALTA_DE_OPORTUNIDADES_TIENE_UN_ROSTRO_FEMENINO\" target=\"_blank\" rel=\"noopener\">https:\/\/www.researchgate.net\/publication\/370221669_GANANCIA_O_DESPERDICIO_DE_CEREBROS_EN_LA_MIGRACION_DE_UNIVERSITARIOS_ESPANOLES_E_ITALIANOS_A_SUIZA_LA_FALTA_DE_OPORTUNIDADES_TIENE_UN_ROSTRO_FEMENINO<\/a><\/h3>\n<p><strong>Abstract: <\/strong><!--more--><\/p>\n<blockquote>\n<div class=\"nova-legacy-c-card__body nova-legacy-c-card__body--spacing-inherit\">\n<div class=\"nova-legacy-e-text nova-legacy-e-text--size-m nova-legacy-e-text--family-sans-serif nova-legacy-e-text--spacing-none nova-legacy-e-text--color-grey-800 research-detail-middle-section__abstract\">El n\u00famero de personas con educaci\u00f3n universitaria que migra fuera de sus pa\u00edses aumenta constantemente a nivel global, por varias razones. Por una parte, entre los a\u00f1os 2007-2017, es decir cuando estall\u00f3 la crisis econ\u00f3mica, miles de personas cualificadas de pa\u00edses como Espa\u00f1a e Italia se desplazaron a otros pa\u00edses de Europa y Norte Am\u00e9rica en busca de mejores oportunidades de empleo, salarios y calidad de vida. Seg\u00fan el estudio \u00abEU Mobile workers\u00bb, publicado en 2019 por el think tank de Bruselas CEPS, entre 2007 y 2017, unos 87.000 espa\u00f1oles y espa\u00f1olas con t\u00edtulo universitario migraron a otros pa\u00edses de la Uni\u00f3n Europea. En el caso de Italia, la hemorragia fue incluso mayor: 133.000 profesionales universitarios. Por otra parte, el acuerdo de la libre movilidad con la Uni\u00f3n Europea y la carrera entre pa\u00edses altamente industrializados por obtener talento global, han facilitado la migraci\u00f3n de estas personas universitarias. Adem\u00e1s, gobiernos como Alemania, Suiza, Canad\u00e1 y Australia han puesto en marcha pol\u00edticas para atraer al &#8220;talento global&#8221;, de manera a satisfacer las necesidades generadas por la econom\u00eda del conocimiento. Adem\u00e1s, considerando lo que he llamado &#8220;la migraci\u00f3n por amor&#8221; (Ria\u00f1o, 2014), las relaciones de pareja son hoy en d\u00eda un factor central en el proyecto y la decisi\u00f3n de trasladarse a otro lugar. La migraci\u00f3n de universitarios ha sido calificada como &#8220;fuga de cerebros&#8221;. Inicialmente se refer\u00eda a personas universitarias de pa\u00edses del Sur Global que migraban a un pa\u00eds del Norte Global quien captaba a esos cerebros. Hoy en d\u00eda ese fen\u00f3meno toca tanto a pa\u00edses altamente industrializados como poco industrializados, en particular, a pa\u00edses como Espa\u00f1a e Italia, lo cual plantea una pregunta muy importante: \u00bfHasta que punto los migrantes altamente calificados logran integrarse en el mercado de trabajo de los pa\u00edses de destino en trabajos que correspondan a sus calificaciones? \u00bfPodemos hablar de &#8220;ganancia&#8221; o de &#8220;desperdicio de cerebros&#8221;? La ganancia de cerebros, o &#8220;brain gain&#8221;, asume que los y las universitarias emigradas no significan una p\u00e9rdida definitiva, sino que son mejor cualificados por el pa\u00eds de destino y su potencial puede ser aprovechado mediante el uso de redes de cooperaci\u00f3n entre pa\u00edses de origen y de destino. En contraste, el desperdicio de cerebros, o &#8220;brain waste&#8221;, se entiende como el no reconocimiento en el pa\u00eds de migraci\u00f3n de las competencias y las cualificaciones de los migrantes, lo que les impide aprovechar plenamente su potencial profesional (Ria\u00f1o, 2021). El consiguiente &#8220;desperdicio de cerebros&#8221; representa una p\u00e9rdida para los inmigrantes, los empleadores y los pa\u00edses de origen y de destino.<\/div>\n<\/div>\n<\/blockquote>\n","protected":false},"excerpt":{"rendered":"<p>Author(s) : Yvonne Ria\u00f1o Source : https:\/\/www.researchgate.net\/publication\/370221669_GANANCIA_O_DESPERDICIO_DE_CEREBROS_EN_LA_MIGRACION_DE_UNIVERSITARIOS_ESPANOLES_E_ITALIANOS_A_SUIZA_LA_FALTA_DE_OPORTUNIDADES_TIENE_UN_ROSTRO_FEMENINO Abstract:<\/p>\n","protected":false},"author":4,"featured_media":0,"comment_status":"open","ping_status":"open","sticky":false,"template":"","format":"standard","meta":{"_kadence_starter_templates_imported_post":false,"_kad_post_transparent":"","_kad_post_title":"","_kad_post_layout":"","_kad_post_sidebar_id":"","_kad_post_content_style":"","_kad_post_vertical_padding":"","_kad_post_feature":"","_kad_post_feature_position":"","_kad_post_header":false,"_kad_post_footer":false,"_kad_post_classname":"","jetpack_post_was_ever_published":false,"_jetpack_newsletter_access":"","_jetpack_dont_email_post_to_subs":false,"_jetpack_newsletter_tier_id":0,"_jetpack_memberships_contains_paywalled_content":false,"_jetpack_memberships_contains_paid_content":false,"footnotes":""},"categories":[61],"tags":[739,7,498,499,496,57,55,80,175,19,83,104,122,264,349,612,26],"class_list":["post-35411","post","type-post","status-publish","format-standard","hentry","category-education","tag-739","tag-article","tag-brain-drain","tag-brain-gain","tag-brain-waste","tag-comparative-analysis","tag-high-skilled-immigrants","tag-higher-education","tag-italians","tag-labour-market","tag-labour-market-policy","tag-living-conditions","tag-migrants","tag-skills","tag-spaniards","tag-spanish-language","tag-transnationalism"],"jetpack_featured_media_url":"","jetpack_sharing_enabled":true,"_links":{"self":[{"href":"https:\/\/swissmig.unine.ch\/index.php?rest_route=\/wp\/v2\/posts\/35411","targetHints":{"allow":["GET"]}}],"collection":[{"href":"https:\/\/swissmig.unine.ch\/index.php?rest_route=\/wp\/v2\/posts"}],"about":[{"href":"https:\/\/swissmig.unine.ch\/index.php?rest_route=\/wp\/v2\/types\/post"}],"author":[{"embeddable":true,"href":"https:\/\/swissmig.unine.ch\/index.php?rest_route=\/wp\/v2\/users\/4"}],"replies":[{"embeddable":true,"href":"https:\/\/swissmig.unine.ch\/index.php?rest_route=%2Fwp%2Fv2%2Fcomments&post=35411"}],"version-history":[{"count":0,"href":"https:\/\/swissmig.unine.ch\/index.php?rest_route=\/wp\/v2\/posts\/35411\/revisions"}],"wp:attachment":[{"href":"https:\/\/swissmig.unine.ch\/index.php?rest_route=%2Fwp%2Fv2%2Fmedia&parent=35411"}],"wp:term":[{"taxonomy":"category","embeddable":true,"href":"https:\/\/swissmig.unine.ch\/index.php?rest_route=%2Fwp%2Fv2%2Fcategories&post=35411"},{"taxonomy":"post_tag","embeddable":true,"href":"https:\/\/swissmig.unine.ch\/index.php?rest_route=%2Fwp%2Fv2%2Ftags&post=35411"}],"curies":[{"name":"wp","href":"https:\/\/api.w.org\/{rel}","templated":true}]}}