{"id":35373,"date":"2023-05-08T08:00:00","date_gmt":"2023-05-08T07:00:00","guid":{"rendered":"https:\/\/swissmig.wordpress.com\/?p=35373"},"modified":"2025-12-09T13:58:56","modified_gmt":"2025-12-09T12:58:56","slug":"brasileiros-e-brasileiras-na-suica-sonhos-frustracoes-e-realizacoes","status":"publish","type":"post","link":"https:\/\/swissmig.unine.ch\/?p=35373","title":{"rendered":"Brasileiros E Brasileiras Na Su\u00ed\u00e7a: Sonhos, Frustra\u00e7\u00f5es E Realiza\u00e7\u00f5es"},"content":{"rendered":"<h3>Author(s) : Liliana Baeckert, Victoria Cunha, Eduardo Cruz, Roberto Falc\u00e3o<\/h3>\n<h3>Source : <a href=\"https:\/\/periodicos.unb.br\/index.php\/espacoegeografia\/article\/view\/47269\" target=\"_blank\" rel=\"noopener\">https:\/\/periodicos.unb.br\/index.php\/espacoegeografia\/article\/view\/47269<\/a><\/h3>\n<p><strong>Abstract: <\/strong><!--more--><\/p>\n<blockquote><p>Com uma das taxas de migra\u00e7\u00e3o mais altas do continente europeu, ultrapassando inclusive outras na\u00e7\u00f5es do Ocidente, como \u00c1ustria, Reino Unido e Pa\u00edses Baixos, a Su\u00ed\u00e7a vem despontando como um cen\u00e1rio de especial interesse para estudos migrat\u00f3rios desde a segunda metade da d\u00e9cada de 1990. O presente artigo visa, portanto, mapear o perfil sociodemogr\u00e1fico dos migrantes brasileiros na Su\u00ed\u00e7a, evidenciando suas motiva\u00e7\u00f5es para migrar e dificuldades de perman\u00eancia no pa\u00eds de acolhimento. Para tanto, faz-se um levantamento de dados prim\u00e1rios com 617 respondentes, por meio de um question\u00e1rio veiculado em grupos de Facebook, Linkedin e Whatsapp. Os principais achados incluem a predomin\u00e2ncia feminina do conjunto amostral, com faixa et\u00e1ria m\u00e9dia acima de 31 anos e alta escolaridade, sendo o matrim\u00f4nio a principal estrat\u00e9gia de migra\u00e7\u00e3o desse p\u00fablico. No que concerne \u00e0 popula\u00e7\u00e3o masculina, a estrat\u00e9gia mais adotada foi a obten\u00e7\u00e3o de visto de trabalho ainda em solo brasileiro. Ambos os sexos encontram dificuldades relativas ao idioma e \u00e0 cultura, sendo que a inten\u00e7\u00e3o da maioria \u00e9 permanecer no pa\u00eds por tempo indeterminado. Ressaltam-se como contribui\u00e7\u00f5es o avan\u00e7o da teoria acerca do processo de feminiza\u00e7\u00e3o no fen\u00f4meno migrat\u00f3rio e das barreiras envolvendo a elei\u00e7\u00e3o por esse destino europeu.<\/p><\/blockquote>\n","protected":false},"excerpt":{"rendered":"<p>Author(s) : Liliana Baeckert, Victoria Cunha, Eduardo Cruz, Roberto Falc\u00e3o&#8230;<\/p>\n","protected":false},"author":4,"featured_media":0,"comment_status":"open","ping_status":"open","sticky":false,"template":"","format":"standard","meta":{"_kadence_starter_templates_imported_post":false,"_kad_post_transparent":"","_kad_post_title":"","_kad_post_layout":"","_kad_post_sidebar_id":"","_kad_post_content_style":"","_kad_post_vertical_padding":"","_kad_post_feature":"","_kad_post_feature_position":"","_kad_post_header":false,"_kad_post_footer":false,"_kad_post_classname":"","jetpack_post_was_ever_published":false,"_jetpack_newsletter_access":"","_jetpack_dont_email_post_to_subs":false,"_jetpack_newsletter_tier_id":0,"_jetpack_memberships_contains_paywalled_content":false,"_jetpack_memberships_contains_paid_content":false,"footnotes":""},"categories":[43],"tags":[739,7,199,151,176,87,17,387,138,140,851,90,91,279],"class_list":["post-35373","post","type-post","status-publish","format-standard","hentry","category-the-migration-phenomenon","tag-739","tag-article","tag-brazilians","tag-cultural-identity","tag-economic-integration","tag-history","tag-immigrants","tag-integration-policy","tag-migration-motives","tag-portuguese","tag-portuguese-language","tag-reception-policy","tag-social-integration","tag-socioeconomic-factors"],"jetpack_featured_media_url":"","jetpack_sharing_enabled":true,"_links":{"self":[{"href":"https:\/\/swissmig.unine.ch\/index.php?rest_route=\/wp\/v2\/posts\/35373","targetHints":{"allow":["GET"]}}],"collection":[{"href":"https:\/\/swissmig.unine.ch\/index.php?rest_route=\/wp\/v2\/posts"}],"about":[{"href":"https:\/\/swissmig.unine.ch\/index.php?rest_route=\/wp\/v2\/types\/post"}],"author":[{"embeddable":true,"href":"https:\/\/swissmig.unine.ch\/index.php?rest_route=\/wp\/v2\/users\/4"}],"replies":[{"embeddable":true,"href":"https:\/\/swissmig.unine.ch\/index.php?rest_route=%2Fwp%2Fv2%2Fcomments&post=35373"}],"version-history":[{"count":1,"href":"https:\/\/swissmig.unine.ch\/index.php?rest_route=\/wp\/v2\/posts\/35373\/revisions"}],"predecessor-version":[{"id":38417,"href":"https:\/\/swissmig.unine.ch\/index.php?rest_route=\/wp\/v2\/posts\/35373\/revisions\/38417"}],"wp:attachment":[{"href":"https:\/\/swissmig.unine.ch\/index.php?rest_route=%2Fwp%2Fv2%2Fmedia&parent=35373"}],"wp:term":[{"taxonomy":"category","embeddable":true,"href":"https:\/\/swissmig.unine.ch\/index.php?rest_route=%2Fwp%2Fv2%2Fcategories&post=35373"},{"taxonomy":"post_tag","embeddable":true,"href":"https:\/\/swissmig.unine.ch\/index.php?rest_route=%2Fwp%2Fv2%2Ftags&post=35373"}],"curies":[{"name":"wp","href":"https:\/\/api.w.org\/{rel}","templated":true}]}}