{"id":35360,"date":"2023-05-01T08:00:00","date_gmt":"2023-05-01T07:00:00","guid":{"rendered":"https:\/\/swissmig.wordpress.com\/?p=35360"},"modified":"2023-05-01T08:00:00","modified_gmt":"2023-05-01T07:00:00","slug":"lintegration-professionnelle-pour-refugie-es-des-politiques-nationales-aux-pratiques-daccompagnement","status":"publish","type":"post","link":"https:\/\/swissmig.unine.ch\/?p=35360","title":{"rendered":"L\u2019int\u00e9gration professionnelle pour r\u00e9fugi\u00e9-es : des politiques nationales aux pratiques d\u2019accompagnement"},"content":{"rendered":"<h3>Author(s) : St\u00e9phanie Cardoso<\/h3>\n<h3>Source : <a href=\"https:\/\/doi.org\/10.57154\/journals\/red.2022.e991\" target=\"_blank\" rel=\"noopener\">https:\/\/doi.org\/10.57154\/journals\/red.2022.e991 <\/a><\/h3>\n<p><strong>Abstract: <\/strong><!--more--><\/p>\n<blockquote><p>L\u2019int\u00e9gration professionnelle des r\u00e9fugi\u00e9-es est un objectif politique important en Suisse, mais la notion en elle-m\u00eame est complexe, polys\u00e9mique et en constante \u00e9volution. Bien que la litt\u00e9rature ait d\u00e9montr\u00e9 le r\u00f4le int\u00e9grateur de l\u2019emploi dans ce cadre, l\u2019acc\u00e8s \u00e0 l\u2019emploi reste difficile et des dispositifs d\u2019accompagnement ont \u00e9t\u00e9 mis en place pour faciliter ce processus. D\u00e8s lors, le r\u00f4le des professionnel-les de l\u2019int\u00e9gration consiste \u00e0 favoriser l\u2019autonomisation des r\u00e9fugi\u00e9-es, alors que leur climat de travail est empli de contradictions. Selon une perspective psychosociale, nous questionnons l\u2019\u00e9volution de la notion d\u2019int\u00e9gration pour r\u00e9fugi\u00e9-es en Suisse, ainsi que l\u2019impact de ces modifications sur l\u2019activit\u00e9 des professionnel-les de l\u2019int\u00e9gration. Nos analyses mettent en \u00e9vidence que les \u00e9volutions politiques et l\u00e9gislatives r\u00e9centes ne permettent pas de fournir une d\u00e9finition de l\u2019int\u00e9gration professionnelle, qui se manifeste principalement en une s\u00e9rie d\u2019\u00e9tapes \u00e0 franchir. Les professionnel-les ont ainsi pour t\u00e2che de d\u00e9limiter eux\/elles-m\u00eames les contours de leur activit\u00e9 d\u2019int\u00e9gration. Ils\/elles les combinent aux enjeux nombreux de l\u2019acc\u00e8s au march\u00e9 de l\u2019emploi, ce qui am\u00e8ne \u00e0 de multiples tensions. De plus, les nouvelles r\u00e9glementations menacent l\u2019\u00e9quilibre fragile construit dans la pratique et semblent aller \u00e0 l\u2019encontre des valeurs d\u00e9fendues par ces professionnel-les.<\/p>\n<section class=\"item keywords\">\n<h2 class=\"label\">Mots-cl\u00e9s\u00a0:<\/h2>\n<p><span class=\"value\"> int\u00e9gration professionnelle, r\u00e9fugi\u00e9, politique d&#8217;int\u00e9gration, accompagnement, approche psychosociale <\/span><\/section>\n<\/blockquote>\n","protected":false},"excerpt":{"rendered":"<p>Author(s) : St\u00e9phanie Cardoso Source : https:\/\/doi.org\/10.57154\/journals\/red.2022.e991 Abstract:<\/p>\n","protected":false},"author":4,"featured_media":0,"comment_status":"open","ping_status":"open","sticky":false,"template":"","format":"standard","meta":{"_kadence_starter_templates_imported_post":false,"_kad_post_transparent":"","_kad_post_title":"","_kad_post_layout":"","_kad_post_sidebar_id":"","_kad_post_content_style":"","_kad_post_vertical_padding":"","_kad_post_feature":"","_kad_post_feature_position":"","_kad_post_header":false,"_kad_post_footer":false,"_kad_post_classname":"","jetpack_post_was_ever_published":false,"_jetpack_newsletter_access":"","_jetpack_dont_email_post_to_subs":false,"_jetpack_newsletter_tier_id":0,"_jetpack_memberships_contains_paywalled_content":false,"_jetpack_memberships_contains_paid_content":false,"footnotes":""},"categories":[16],"tags":[722,362,7,176,240,52,387,19,83,103],"class_list":["post-35360","post","type-post","status-publish","format-standard","hentry","category-economics","tag-722","tag-access-to-employment","tag-article","tag-economic-integration","tag-employment","tag-french-language","tag-integration-policy","tag-labour-market","tag-labour-market-policy","tag-refugees"],"jetpack_featured_media_url":"","jetpack_sharing_enabled":true,"_links":{"self":[{"href":"https:\/\/swissmig.unine.ch\/index.php?rest_route=\/wp\/v2\/posts\/35360","targetHints":{"allow":["GET"]}}],"collection":[{"href":"https:\/\/swissmig.unine.ch\/index.php?rest_route=\/wp\/v2\/posts"}],"about":[{"href":"https:\/\/swissmig.unine.ch\/index.php?rest_route=\/wp\/v2\/types\/post"}],"author":[{"embeddable":true,"href":"https:\/\/swissmig.unine.ch\/index.php?rest_route=\/wp\/v2\/users\/4"}],"replies":[{"embeddable":true,"href":"https:\/\/swissmig.unine.ch\/index.php?rest_route=%2Fwp%2Fv2%2Fcomments&post=35360"}],"version-history":[{"count":0,"href":"https:\/\/swissmig.unine.ch\/index.php?rest_route=\/wp\/v2\/posts\/35360\/revisions"}],"wp:attachment":[{"href":"https:\/\/swissmig.unine.ch\/index.php?rest_route=%2Fwp%2Fv2%2Fmedia&parent=35360"}],"wp:term":[{"taxonomy":"category","embeddable":true,"href":"https:\/\/swissmig.unine.ch\/index.php?rest_route=%2Fwp%2Fv2%2Fcategories&post=35360"},{"taxonomy":"post_tag","embeddable":true,"href":"https:\/\/swissmig.unine.ch\/index.php?rest_route=%2Fwp%2Fv2%2Ftags&post=35360"}],"curies":[{"name":"wp","href":"https:\/\/api.w.org\/{rel}","templated":true}]}}