{"id":35334,"date":"2023-04-24T08:00:00","date_gmt":"2023-04-24T07:00:00","guid":{"rendered":"https:\/\/swissmig.wordpress.com\/?p=35334"},"modified":"2026-01-15T15:34:14","modified_gmt":"2026-01-15T14:34:14","slug":"lemigration-un-enjeu-politique-cantonal-et-national-1848-1888","status":"publish","type":"post","link":"https:\/\/swissmig.unine.ch\/?p=35334","title":{"rendered":"L&#8217;\u00e9migration: un enjeu politique cantonal et national (1848-1888)"},"content":{"rendered":"<h3>Author(s) : G\u00e9rald Arlettaz<\/h3>\n<h3>Source : <a href=\"https:\/\/doc.rero.ch\/record\/21894\" target=\"_blank\" rel=\"noopener\">https:\/\/doc.rero.ch\/record\/21894<\/a><\/h3>\n<p><strong>Abstract: <\/strong><!--more--><\/p>\n<blockquote>\n<div id=\"Abs1-content\" class=\"c-article-section__content\">\n<p>&#8220;<span dir=\"ltr\" role=\"presentation\">A l&#8217;heure o\u00f9 les \u00abCousins d&#8217;Am\u00e9rique\u00bb<\/span> <span dir=\"ltr\" role=\"presentation\">rejoignent les Valaisans pour <\/span><span dir=\"ltr\" role=\"presentation\">c\u00e9l\u00e9brer<\/span>\u00a0<span dir=\"ltr\" role=\"presentation\">\u00ables trois ordres historiques de r\u00e9f\u00e9rence communautaire\u00bb<\/span> <span dir=\"ltr\" role=\"presentation\">: l&#8217;identit\u00e9 <\/span><span dir=\"ltr\" role=\"presentation\">g\u00e9n\u00e9alogique, l&#8217;origine nationale et la religion comme matrice d&#8217;une sacralisation <\/span><span dir=\"ltr\" role=\"presentation\">collective, il para\u00eet n\u00e9cessaire de poser la question de l&#8217;\u00e9migration en des termes <\/span><span dir=\"ltr\" role=\"presentation\">diff\u00e9rents.<\/span>&#8221;<\/p>\n<\/div>\n<\/blockquote>\n","protected":false},"excerpt":{"rendered":"<p>Author(s) : G\u00e9rald Arlettaz Source : https:\/\/doc.rero.ch\/record\/21894 Abstract:<\/p>\n","protected":false},"author":4,"featured_media":0,"comment_status":"open","ping_status":"open","sticky":false,"template":"","format":"standard","meta":{"_kadence_starter_templates_imported_post":false,"_kad_post_transparent":"","_kad_post_title":"","_kad_post_layout":"","_kad_post_sidebar_id":"","_kad_post_content_style":"","_kad_post_vertical_padding":"","_kad_post_feature":"","_kad_post_feature_position":"","_kad_post_header":false,"_kad_post_footer":false,"_kad_post_classname":"","jetpack_post_was_ever_published":false,"_jetpack_newsletter_access":"","_jetpack_dont_email_post_to_subs":false,"_jetpack_newsletter_tier_id":0,"_jetpack_memberships_contains_paywalled_content":false,"_jetpack_memberships_contains_paid_content":false,"footnotes":""},"categories":[35],"tags":[532,457,7,273,163,137,613,52,618,36,279,369],"class_list":["post-35334","post","type-post","status-publish","format-standard","hentry","category-history","tag-532","tag-americas","tag-article","tag-cantons","tag-deportation","tag-emigration","tag-forced-migration","tag-french-language","tag-migration-management","tag-migration-policy","tag-socioeconomic-factors","tag-valais"],"jetpack_featured_media_url":"","jetpack_sharing_enabled":true,"_links":{"self":[{"href":"https:\/\/swissmig.unine.ch\/index.php?rest_route=\/wp\/v2\/posts\/35334","targetHints":{"allow":["GET"]}}],"collection":[{"href":"https:\/\/swissmig.unine.ch\/index.php?rest_route=\/wp\/v2\/posts"}],"about":[{"href":"https:\/\/swissmig.unine.ch\/index.php?rest_route=\/wp\/v2\/types\/post"}],"author":[{"embeddable":true,"href":"https:\/\/swissmig.unine.ch\/index.php?rest_route=\/wp\/v2\/users\/4"}],"replies":[{"embeddable":true,"href":"https:\/\/swissmig.unine.ch\/index.php?rest_route=%2Fwp%2Fv2%2Fcomments&post=35334"}],"version-history":[{"count":1,"href":"https:\/\/swissmig.unine.ch\/index.php?rest_route=\/wp\/v2\/posts\/35334\/revisions"}],"predecessor-version":[{"id":38564,"href":"https:\/\/swissmig.unine.ch\/index.php?rest_route=\/wp\/v2\/posts\/35334\/revisions\/38564"}],"wp:attachment":[{"href":"https:\/\/swissmig.unine.ch\/index.php?rest_route=%2Fwp%2Fv2%2Fmedia&parent=35334"}],"wp:term":[{"taxonomy":"category","embeddable":true,"href":"https:\/\/swissmig.unine.ch\/index.php?rest_route=%2Fwp%2Fv2%2Fcategories&post=35334"},{"taxonomy":"post_tag","embeddable":true,"href":"https:\/\/swissmig.unine.ch\/index.php?rest_route=%2Fwp%2Fv2%2Ftags&post=35334"}],"curies":[{"name":"wp","href":"https:\/\/api.w.org\/{rel}","templated":true}]}}