{"id":35327,"date":"2023-04-17T08:00:00","date_gmt":"2023-04-17T07:00:00","guid":{"rendered":"https:\/\/swissmig.wordpress.com\/?p=35327"},"modified":"2023-04-17T08:00:00","modified_gmt":"2023-04-17T07:00:00","slug":"der-arbeitsmarkterfolg-von-immigrantinnen-und-immigranten-in-der-schweiz","status":"publish","type":"post","link":"https:\/\/swissmig.unine.ch\/?p=35327","title":{"rendered":"Der Arbeitsmarkterfolg von Immigrantinnen und Immigranten in der Schweiz"},"content":{"rendered":"<h3>Author(s) : Sandro Favre, Reto F\u00f6llmi, Josef Zweim\u00fcller<\/h3>\n<h3>Source : https:\/\/www.seco.admin.ch\/seco\/de\/home\/Publikationen_Dienstleistungen\/Publikationen_und_Formulare\/Arbeit\/Arbeitsmarkt\/Informationen_Arbeitsmarktforschung\/arbeitsmarkterfolg-immigranten.html<\/h3>\n<p><strong>Abstract:<\/strong><!--more--><\/p>\n<blockquote><p>&#8220;Forscher der Universit\u00e4ten Z\u00fcrich und St. Gallen haben im Auftrag des SECO untersucht, wie erfolgreich sich Immigrantinnen und Immigranten der Jahre 2003-2013 im Vergleich zu Personen, die in der Schweiz geboren wurden auf dem Arbeitsmarkt behaupten konnten. Die Studie konzentriert sich dabei auf die Zuwanderung ausserhalb des Asylbereichs. Die Arbeitsmarktintegration in der Schweiz funktioniert sehr gut und verbessert sich mit der Aufenthaltsdauer der Zuwanderer sukzessive. W\u00e4hrend Zugewanderte die sehr hohe Erwerbsbeteiligung von Einheimischen im Durchschnitt nicht ganz erreichen k\u00f6nnen, liegen die Einkommen von Zugewanderten nach f\u00fcnf Jahren leicht \u00fcber jenen von vergleichbaren, in der Schweiz geborenen Erwerbst\u00e4tigen. Die Studie greift u.a. auf verkn\u00fcpfte Administrativdaten zur\u00fcck und gelangt damit zu neuen und vertieften Erkenntnissen. Die Untersuchung leistet auch einen wesentlichen Beitrag zur Arbeitsmarktbeobachtung im Rahmen des Observatoriums zum Freiz\u00fcgigkeitsabkommen mit der EU.&#8221;<span id=\"page6R_mcid9\" class=\"markedContent\"><br \/>\n<\/span><\/p><\/blockquote>\n","protected":false},"excerpt":{"rendered":"<p>Author(s) : Sandro Favre, Reto F\u00f6llmi, Josef Zweim\u00fcller Source :&#8230;<\/p>\n","protected":false},"author":4,"featured_media":0,"comment_status":"open","ping_status":"open","sticky":false,"template":"","format":"standard","meta":{"_kadence_starter_templates_imported_post":false,"_kad_post_transparent":"","_kad_post_title":"","_kad_post_layout":"","_kad_post_sidebar_id":"","_kad_post_content_style":"","_kad_post_vertical_padding":"","_kad_post_feature":"","_kad_post_feature_position":"","_kad_post_header":false,"_kad_post_footer":false,"_kad_post_classname":"","jetpack_post_was_ever_published":false,"_jetpack_newsletter_access":"","_jetpack_dont_email_post_to_subs":false,"_jetpack_newsletter_tier_id":0,"_jetpack_memberships_contains_paywalled_content":false,"_jetpack_memberships_contains_paid_content":false,"footnotes":""},"categories":[16],"tags":[285,362,57,15,176,240,73,19,83,103,249,166,264],"class_list":["post-35327","post","type-post","status-publish","format-standard","hentry","category-economics","tag-285","tag-access-to-employment","tag-comparative-analysis","tag-economic-impact","tag-economic-integration","tag-employment","tag-german-language","tag-labour-market","tag-labour-market-policy","tag-refugees","tag-report","tag-residence-permits","tag-skills"],"jetpack_featured_media_url":"","jetpack_sharing_enabled":true,"_links":{"self":[{"href":"https:\/\/swissmig.unine.ch\/index.php?rest_route=\/wp\/v2\/posts\/35327","targetHints":{"allow":["GET"]}}],"collection":[{"href":"https:\/\/swissmig.unine.ch\/index.php?rest_route=\/wp\/v2\/posts"}],"about":[{"href":"https:\/\/swissmig.unine.ch\/index.php?rest_route=\/wp\/v2\/types\/post"}],"author":[{"embeddable":true,"href":"https:\/\/swissmig.unine.ch\/index.php?rest_route=\/wp\/v2\/users\/4"}],"replies":[{"embeddable":true,"href":"https:\/\/swissmig.unine.ch\/index.php?rest_route=%2Fwp%2Fv2%2Fcomments&post=35327"}],"version-history":[{"count":0,"href":"https:\/\/swissmig.unine.ch\/index.php?rest_route=\/wp\/v2\/posts\/35327\/revisions"}],"wp:attachment":[{"href":"https:\/\/swissmig.unine.ch\/index.php?rest_route=%2Fwp%2Fv2%2Fmedia&parent=35327"}],"wp:term":[{"taxonomy":"category","embeddable":true,"href":"https:\/\/swissmig.unine.ch\/index.php?rest_route=%2Fwp%2Fv2%2Fcategories&post=35327"},{"taxonomy":"post_tag","embeddable":true,"href":"https:\/\/swissmig.unine.ch\/index.php?rest_route=%2Fwp%2Fv2%2Ftags&post=35327"}],"curies":[{"name":"wp","href":"https:\/\/api.w.org\/{rel}","templated":true}]}}