{"id":35324,"date":"2023-04-17T08:00:00","date_gmt":"2023-04-17T07:00:00","guid":{"rendered":"https:\/\/swissmig.wordpress.com\/?p=35324"},"modified":"2023-04-17T08:00:00","modified_gmt":"2023-04-17T07:00:00","slug":"contribution-a-letude-de-lemigration-des-valaisans-1850-1880","status":"publish","type":"post","link":"https:\/\/swissmig.unine.ch\/?p=35324","title":{"rendered":"Contribution \u00e0 l&#8217;\u00e9tude de l&#8217;\u00e9migration des Valaisans: 1850-1880"},"content":{"rendered":"<h3>Author(s) : Marie-Ang\u00e8le Bassi<\/h3>\n<h3>Source : <a href=\"https:\/\/doc.rero.ch\/record\/29231\" target=\"_blank\" rel=\"noopener\">https:\/\/doc.rero.ch\/record\/29231<\/a><\/h3>\n<h3><strong>Abstract: <\/strong><!--more--><\/h3>\n<blockquote>\n<div class=\"text-base antialiased leading-relaxed text-left text-black md:leading-loose _fulltext-content\">\n<div>&#8220;<span dir=\"ltr\" role=\"presentation\">Nombre de Valaisans ont actuellement \u00e0 l&#8217;\u00e9tranger<\/span> <span dir=\"ltr\" role=\"presentation\">des parents <\/span><span dir=\"ltr\" role=\"presentation\">qui avaient suivi un courant d&#8217;\u00e9migration<\/span> <span dir=\"ltr\" role=\"presentation\">d\u00e9clench\u00e9 vers le <\/span><span dir=\"ltr\" role=\"presentation\">milieu du si\u00e8cle dernier. <\/span><span dir=\"ltr\" role=\"presentation\">Ils avaient quitt\u00e9 leur pays pour chercher<\/span> <span dir=\"ltr\" role=\"presentation\">des conditions de <\/span><span dir=\"ltr\" role=\"presentation\">travail meilleures. Influenc\u00e9s par la propagande, beaucoup <\/span><span dir=\"ltr\" role=\"presentation\">d&#8217;entre<\/span> <span dir=\"ltr\" role=\"presentation\">eux se sont rendus dans les pays outre-mer, en Afri<\/span><span dir=\"ltr\" role=\"presentation\">que, en Am\u00e9rique<\/span> <span dir=\"ltr\" role=\"presentation\">du Nord<\/span> <span dir=\"ltr\" role=\"presentation\">et surtout<\/span> <span dir=\"ltr\" role=\"presentation\">en Am\u00e9rique du Sud. Les <\/span><span dir=\"ltr\" role=\"presentation\">premiers colons \u00e9crivaient aux membres de leur parent\u00e9 ou \u00e0 <\/span><span dir=\"ltr\" role=\"presentation\">des amis et les invitaient \u00e0 suivre leur exemple. Les d\u00e9parts <\/span><span dir=\"ltr\" role=\"presentation\">\u00e0 l&#8217;\u00e9tranger<\/span> <span dir=\"ltr\" role=\"presentation\">furent particuli\u00e8rement<\/span> <span dir=\"ltr\" role=\"presentation\">nombreux entre l850 et <\/span><span dir=\"ltr\" role=\"presentation\">I88O. Ce mouvement<\/span> <span dir=\"ltr\" role=\"presentation\">d&#8217;\u00e9migration<\/span> <span dir=\"ltr\" role=\"presentation\">n&#8217;\u00e9tait pas propre \u00e0 la Suis<\/span><span dir=\"ltr\" role=\"presentation\">se mais se retrouvait<\/span> <span dir=\"ltr\" role=\"presentation\">dans plusieurs pays europ\u00e9ens.<\/span>&#8220;<\/div>\n<\/div>\n<\/blockquote>\n","protected":false},"excerpt":{"rendered":"<p>Author(s) : Marie-Ang\u00e8le Bassi Source : https:\/\/doc.rero.ch\/record\/29231 Abstract:<\/p>\n","protected":false},"author":4,"featured_media":0,"comment_status":"open","ping_status":"open","sticky":false,"template":"","format":"standard","meta":{"_kadence_starter_templates_imported_post":false,"_kad_post_transparent":"","_kad_post_title":"","_kad_post_layout":"","_kad_post_sidebar_id":"","_kad_post_content_style":"","_kad_post_vertical_padding":"","_kad_post_feature":"","_kad_post_feature_position":"","_kad_post_header":false,"_kad_post_footer":false,"_kad_post_classname":"","jetpack_post_was_ever_published":false,"_jetpack_newsletter_access":"","_jetpack_dont_email_post_to_subs":false,"_jetpack_newsletter_tier_id":0,"_jetpack_memberships_contains_paywalled_content":false,"_jetpack_memberships_contains_paid_content":false,"footnotes":""},"categories":[35],"tags":[548,457,7,137,58,52,19,110,279,219,369,158],"class_list":["post-35324","post","type-post","status-publish","format-standard","hentry","category-history","tag-548","tag-americas","tag-article","tag-emigration","tag-europe","tag-french-language","tag-labour-market","tag-mobility","tag-socioeconomic-factors","tag-thesis","tag-valais","tag-working-conditions"],"jetpack_featured_media_url":"","jetpack_sharing_enabled":true,"_links":{"self":[{"href":"https:\/\/swissmig.unine.ch\/index.php?rest_route=\/wp\/v2\/posts\/35324","targetHints":{"allow":["GET"]}}],"collection":[{"href":"https:\/\/swissmig.unine.ch\/index.php?rest_route=\/wp\/v2\/posts"}],"about":[{"href":"https:\/\/swissmig.unine.ch\/index.php?rest_route=\/wp\/v2\/types\/post"}],"author":[{"embeddable":true,"href":"https:\/\/swissmig.unine.ch\/index.php?rest_route=\/wp\/v2\/users\/4"}],"replies":[{"embeddable":true,"href":"https:\/\/swissmig.unine.ch\/index.php?rest_route=%2Fwp%2Fv2%2Fcomments&post=35324"}],"version-history":[{"count":0,"href":"https:\/\/swissmig.unine.ch\/index.php?rest_route=\/wp\/v2\/posts\/35324\/revisions"}],"wp:attachment":[{"href":"https:\/\/swissmig.unine.ch\/index.php?rest_route=%2Fwp%2Fv2%2Fmedia&parent=35324"}],"wp:term":[{"taxonomy":"category","embeddable":true,"href":"https:\/\/swissmig.unine.ch\/index.php?rest_route=%2Fwp%2Fv2%2Fcategories&post=35324"},{"taxonomy":"post_tag","embeddable":true,"href":"https:\/\/swissmig.unine.ch\/index.php?rest_route=%2Fwp%2Fv2%2Ftags&post=35324"}],"curies":[{"name":"wp","href":"https:\/\/api.w.org\/{rel}","templated":true}]}}