{"id":35313,"date":"2023-04-10T08:00:00","date_gmt":"2023-04-10T07:00:00","guid":{"rendered":"https:\/\/swissmig.wordpress.com\/?p=35313"},"modified":"2023-04-10T08:00:00","modified_gmt":"2023-04-10T07:00:00","slug":"determinants-sociaux-de-la-sante-des-migrantes","status":"publish","type":"post","link":"https:\/\/swissmig.unine.ch\/?p=35313","title":{"rendered":"D\u00e9terminants sociaux de la sant\u00e9 des migrantes"},"content":{"rendered":"<h3>Author(s) : Emma Leavy<\/h3>\n<h3>Source :\u00a0<a href=\"https:\/\/www.reiso.org\/document\/9195\" target=\"_blank\" rel=\"noopener\">https:\/\/www.reiso.org\/document\/9195<\/a><\/h3>\n<p><strong>Abstract: <\/strong><!--more--><\/p>\n<blockquote>\n<div class=\"text-base antialiased leading-relaxed text-left text-black md:leading-loose _fulltext-content\">\n<div>\n<p>&#8220;En Suisse, le risque de mortalit\u00e9 maternelle est plus \u00e9lev\u00e9 chez les femmes migrantes que chez les Suissesses. Une \u00e9tude a fait le point sur l\u2019impact des in\u00e9galit\u00e9s sociales en sant\u00e9 dans le contexte des soins p\u00e9rinataux.&#8221;<\/p>\n<\/div>\n<\/div>\n<\/blockquote>\n","protected":false},"excerpt":{"rendered":"<p>Author(s) : Emma Leavy Source :\u00a0https:\/\/www.reiso.org\/document\/9195 Abstract:<\/p>\n","protected":false},"author":4,"featured_media":0,"comment_status":"open","ping_status":"open","sticky":false,"template":"","format":"standard","meta":{"_kadence_starter_templates_imported_post":false,"_kad_post_transparent":"","_kad_post_title":"","_kad_post_layout":"","_kad_post_sidebar_id":"","_kad_post_content_style":"","_kad_post_vertical_padding":"","_kad_post_feature":"","_kad_post_feature_position":"","_kad_post_header":false,"_kad_post_footer":false,"_kad_post_classname":"","jetpack_post_was_ever_published":false,"_jetpack_newsletter_access":"","_jetpack_dont_email_post_to_subs":false,"_jetpack_newsletter_tier_id":0,"_jetpack_memberships_contains_paywalled_content":false,"_jetpack_memberships_contains_paid_content":false,"footnotes":""},"categories":[59],"tags":[722,556,7,494,57,52,350,17,266,435,177,480,201],"class_list":["post-35313","post","type-post","status-publish","format-standard","hentry","category-health","tag-722","tag-access-to-health-care","tag-article","tag-birth","tag-comparative-analysis","tag-french-language","tag-health-inequalities","tag-immigrants","tag-mortality","tag-motherhood","tag-psychological-well-being","tag-public-health","tag-women"],"jetpack_featured_media_url":"","jetpack_sharing_enabled":true,"_links":{"self":[{"href":"https:\/\/swissmig.unine.ch\/index.php?rest_route=\/wp\/v2\/posts\/35313","targetHints":{"allow":["GET"]}}],"collection":[{"href":"https:\/\/swissmig.unine.ch\/index.php?rest_route=\/wp\/v2\/posts"}],"about":[{"href":"https:\/\/swissmig.unine.ch\/index.php?rest_route=\/wp\/v2\/types\/post"}],"author":[{"embeddable":true,"href":"https:\/\/swissmig.unine.ch\/index.php?rest_route=\/wp\/v2\/users\/4"}],"replies":[{"embeddable":true,"href":"https:\/\/swissmig.unine.ch\/index.php?rest_route=%2Fwp%2Fv2%2Fcomments&post=35313"}],"version-history":[{"count":0,"href":"https:\/\/swissmig.unine.ch\/index.php?rest_route=\/wp\/v2\/posts\/35313\/revisions"}],"wp:attachment":[{"href":"https:\/\/swissmig.unine.ch\/index.php?rest_route=%2Fwp%2Fv2%2Fmedia&parent=35313"}],"wp:term":[{"taxonomy":"category","embeddable":true,"href":"https:\/\/swissmig.unine.ch\/index.php?rest_route=%2Fwp%2Fv2%2Fcategories&post=35313"},{"taxonomy":"post_tag","embeddable":true,"href":"https:\/\/swissmig.unine.ch\/index.php?rest_route=%2Fwp%2Fv2%2Ftags&post=35313"}],"curies":[{"name":"wp","href":"https:\/\/api.w.org\/{rel}","templated":true}]}}