{"id":3531,"date":"2020-02-17T09:00:12","date_gmt":"2020-02-17T08:00:12","guid":{"rendered":"https:\/\/swissmig.wordpress.com\/?p=3531"},"modified":"2020-02-17T09:00:12","modified_gmt":"2020-02-17T08:00:12","slug":"la-situation-juridique-des-migrants-sans-statut-legal-entre-droit-international-des-droits-de-lhomme-et-droit-suisse-des-migrations","status":"publish","type":"post","link":"https:\/\/swissmig.unine.ch\/?p=3531","title":{"rendered":"La situation juridique des migrants sans statut l\u00e9gal : entre droit international des droits de l&#8217;homme et droit suisse des migrations"},"content":{"rendered":"<h3>Author(s) : Roswitha Petry<\/h3>\n<h3>Source : <a href=\"https:\/\/archive-ouverte.unige.ch\/unige:83220\" target=\"_blank\" rel=\"noopener\">https:\/\/archive-ouverte.unige.ch\/unige:83220<\/a><\/h3>\n<p><strong>Abstract: <\/strong><!--more--><\/p>\n<blockquote><p>&#8220;La migration et ses cons\u00e9quences juridiques sont souvent examin\u00e9es. En particulier, le contr\u00f4le de l\u2019admission des migrants fait l\u2019objet de nombreuses \u00e9tudes. En revanche, le sort des migrants en situation irr\u00e9guli\u00e8re est moins connu alors qu\u2019il a des implications souvent vitales pour les personnes concern\u00e9es. Ce sujet pose des probl\u00e8mes complexes, notamment en raison de l\u2019opposition entre le droit international et le droit interne des migrations.C\u2019est \u00e0 l\u2019ensemble de cette probl\u00e9matique qu\u2019est consacr\u00e9e la th\u00e8se de doctorat que Madame Roswitha Petry a pr\u00e9sent\u00e9e \u00e0 la Facult\u00e9 de droit de l\u2019Universit\u00e9 de Gen\u00e8ve le 3 juillet 2012. L\u2019auteure commence par donner une perspective globale de la situation juridique du migrant irr\u00e9gulier tant en droit international qu\u2019en droit suisse, en illustrant l\u2019\u00e9tat actuel du droit par une utile perspective historique. Elle traite ensuite de quatre domaines particuliers importants pour la protection des migrants irr\u00e9guliers, le mariage et<br \/>\nla vie priv\u00e9e et familiale, le monde du travail, la protection sociale et l\u2019acc\u00e8s aux soins ainsi que la formation. Ces quatre volets de l\u2019\u00e9tude couvrent les principaux aspects de la vie des migrants en situation irr\u00e9guli\u00e8re et permettent de comprendre les difficult\u00e9s auxquelles ils sont confront\u00e9s comme la protection dont ils peuvent ou devraient b\u00e9n\u00e9ficier.&#8221;<\/p>\n<p><strong>Mots-cl\u00e9s<\/strong> : Droits de l&#8217;homme &#8211; Immigr\u00e9s clandestins &#8211; Droit international &#8211; Statut juridique &#8211; Ausl\u00e4nder &#8211; Illegaler Aufenthalt &#8211; Grundrecht &#8211; International &#8211; EMRK &#8211; UNO-Pakt I &#8211; UNO-Pakt II &#8211; Ausl\u00e4nderrecht &#8211; Ehefreiheit &#8211; Achtung des Familienlebens &#8211; Achtung des Privatlebens &#8211; Recht auf Arbeit &#8211; Schwarzarbeit &#8211; Arbeitsbedingungen &#8211; Verbot der Sklaverei &#8211; Recht auf Existenzsicherung &#8211; Recht auf Gesundheit &#8211; Recht auf Bildung &#8211; Aufenthaltsbewilligung &#8211; H\u00e4rtefall &#8211; Suisse &#8211; Schweiz &#8211; Ressortissant \u00e9tranger &#8211; S\u00e9jour ill\u00e9gal &#8211; Droit fondamental &#8211; International &#8211; CEDH &#8211; Pacte ONU I &#8211; Pacte ONU II &#8211; Droit des \u00e9trangers &#8211; Droit au mariage &#8211; Respect de la vie familiale &#8211; Respect de la vie priv\u00e9e &#8211; Droit au travail &#8211; Travail au noir &#8211; Conditions de travail &#8211; Interdiction de l&#8217;esclavage &#8211; Droit \u00e0 des conditions minimales d&#8217;existence &#8211; Droit \u00e0 la sant\u00e9 &#8211; Droit \u00e0 la formation &#8211; Autorisation de s\u00e9jour &#8211; Cas de rigueur &#8211; Suisse &#8211; Suisse(\u00c9tat)<\/p><\/blockquote>\n<p>&nbsp;<\/p>\n","protected":false},"excerpt":{"rendered":"<p>Author(s) : Roswitha Petry Source : https:\/\/archive-ouverte.unige.ch\/unige:83220 Abstract:<\/p>\n","protected":false},"author":4,"featured_media":0,"comment_status":"open","ping_status":"open","sticky":false,"template":"","format":"standard","meta":{"_kadence_starter_templates_imported_post":false,"_kad_post_transparent":"","_kad_post_title":"","_kad_post_layout":"","_kad_post_sidebar_id":"","_kad_post_content_style":"","_kad_post_vertical_padding":"","_kad_post_feature":"","_kad_post_feature_position":"","_kad_post_header":false,"_kad_post_footer":false,"_kad_post_classname":"","jetpack_post_was_ever_published":false,"_jetpack_newsletter_access":"","_jetpack_dont_email_post_to_subs":false,"_jetpack_newsletter_tier_id":0,"_jetpack_memberships_contains_paywalled_content":false,"_jetpack_memberships_contains_paid_content":false,"footnotes":""},"categories":[53],"tags":[75,407,556,562,52,128,271,293,563,268,294,104,36,641,262,158],"class_list":["post-3531","post","type-post","status-publish","format-standard","hentry","category-law","tag-75","tag-access-to-education","tag-access-to-health-care","tag-book","tag-french-language","tag-human-rights","tag-human-rights-violations","tag-human-smuggling","tag-immigration-law","tag-international-law","tag-irregular-migration","tag-living-conditions","tag-migration-policy","tag-social-protection","tag-undocumented-immigrants","tag-working-conditions"],"jetpack_featured_media_url":"","jetpack_sharing_enabled":true,"_links":{"self":[{"href":"https:\/\/swissmig.unine.ch\/index.php?rest_route=\/wp\/v2\/posts\/3531","targetHints":{"allow":["GET"]}}],"collection":[{"href":"https:\/\/swissmig.unine.ch\/index.php?rest_route=\/wp\/v2\/posts"}],"about":[{"href":"https:\/\/swissmig.unine.ch\/index.php?rest_route=\/wp\/v2\/types\/post"}],"author":[{"embeddable":true,"href":"https:\/\/swissmig.unine.ch\/index.php?rest_route=\/wp\/v2\/users\/4"}],"replies":[{"embeddable":true,"href":"https:\/\/swissmig.unine.ch\/index.php?rest_route=%2Fwp%2Fv2%2Fcomments&post=3531"}],"version-history":[{"count":0,"href":"https:\/\/swissmig.unine.ch\/index.php?rest_route=\/wp\/v2\/posts\/3531\/revisions"}],"wp:attachment":[{"href":"https:\/\/swissmig.unine.ch\/index.php?rest_route=%2Fwp%2Fv2%2Fmedia&parent=3531"}],"wp:term":[{"taxonomy":"category","embeddable":true,"href":"https:\/\/swissmig.unine.ch\/index.php?rest_route=%2Fwp%2Fv2%2Fcategories&post=3531"},{"taxonomy":"post_tag","embeddable":true,"href":"https:\/\/swissmig.unine.ch\/index.php?rest_route=%2Fwp%2Fv2%2Ftags&post=3531"}],"curies":[{"name":"wp","href":"https:\/\/api.w.org\/{rel}","templated":true}]}}