{"id":35309,"date":"2023-04-10T08:00:00","date_gmt":"2023-04-10T07:00:00","guid":{"rendered":"https:\/\/swissmig.wordpress.com\/?p=35309"},"modified":"2023-04-10T08:00:00","modified_gmt":"2023-04-10T07:00:00","slug":"asylpolitik-und-migrationsfragen","status":"publish","type":"post","link":"https:\/\/swissmig.unine.ch\/?p=35309","title":{"rendered":"Asylpolitik und Migrationsfragen"},"content":{"rendered":"<h3>Author(s) : Rosita Fibbi<\/h3>\n<h3>Source :\u00a0<a href=\"https:\/\/doi.org\/10.4000\/sjep.162\" target=\"_blank\" rel=\"noopener\">https:\/\/doi.org\/10.4000\/sjep.162<\/a><\/h3>\n<p><strong>Abstract: <\/strong><!--more--><\/p>\n<blockquote>\n<div class=\"text-base antialiased leading-relaxed text-left text-black md:leading-loose _fulltext-content\">\n<div>\n<p>&#8220;Die zu Beginn der 90er Jahre begonnene umfassende Erneuerung der schweizerischen Migrationspolitik m\u00fcndete Ende 2005 in die Verabschiedung eines neuen Ausl\u00e4ndergesetzes, welches die Gesetzesgrundlage von 1931 ersetzt, und in eine weitere Revision des Asylgesetzes von 1999. Die Versch\u00e4rfung des Asylrechts wurde von einem markanten R\u00fcckgang der Asylgesuche in der Schweiz wie auch in ganz Europa begleitet. Parallel dazu hat die Schweiz mit dem Abkommen \u00fcber die Personenfreiz\u00fcgigkeit f\u00fcr B\u00fcrgerinnen und B\u00fcrger aller 25 EU-Mitgliedsl\u00e4nder und mit ihrem Beitritt zu den Abkommen von Schengen und Dublin ihre Ann\u00e4herung an die EU-Politik konsolidiert. Die \u00d6ffnung des Landes f\u00fcr Europ\u00e4erinnen und Europ\u00e4er geht mit einem verst\u00e4rkten Ausschluss von Menschen aus anderen Regionen der Welt einher.&#8221;<\/p>\n<\/div>\n<\/div>\n<\/blockquote>\n","protected":false},"excerpt":{"rendered":"<p>Author(s) : Rosita Fibbi Source :\u00a0https:\/\/doi.org\/10.4000\/sjep.162 Abstract:<\/p>\n","protected":false},"author":4,"featured_media":0,"comment_status":"open","ping_status":"open","sticky":false,"template":"","format":"standard","meta":{"_kadence_starter_templates_imported_post":false,"_kad_post_transparent":"","_kad_post_title":"","_kad_post_layout":"","_kad_post_sidebar_id":"","_kad_post_content_style":"","_kad_post_vertical_padding":"","_kad_post_feature":"","_kad_post_feature_position":"","_kad_post_header":false,"_kad_post_footer":false,"_kad_post_classname":"","jetpack_post_was_ever_published":false,"_jetpack_newsletter_access":"","_jetpack_dont_email_post_to_subs":false,"_jetpack_newsletter_tier_id":0,"_jetpack_memberships_contains_paywalled_content":false,"_jetpack_memberships_contains_paid_content":false,"footnotes":""},"categories":[12],"tags":[417,7,49,450,27,107,73,87,133,17,563,356,211],"class_list":["post-35309","post","type-post","status-publish","format-standard","hentry","category-politics","tag-417","tag-article","tag-asylum-policy","tag-dublin-convention","tag-european-union","tag-freedom-of-movement","tag-german-language","tag-history","tag-immigrant-policy","tag-immigrants","tag-immigration-law","tag-migratory-status","tag-schengen-convention"],"jetpack_featured_media_url":"","jetpack_sharing_enabled":true,"_links":{"self":[{"href":"https:\/\/swissmig.unine.ch\/index.php?rest_route=\/wp\/v2\/posts\/35309","targetHints":{"allow":["GET"]}}],"collection":[{"href":"https:\/\/swissmig.unine.ch\/index.php?rest_route=\/wp\/v2\/posts"}],"about":[{"href":"https:\/\/swissmig.unine.ch\/index.php?rest_route=\/wp\/v2\/types\/post"}],"author":[{"embeddable":true,"href":"https:\/\/swissmig.unine.ch\/index.php?rest_route=\/wp\/v2\/users\/4"}],"replies":[{"embeddable":true,"href":"https:\/\/swissmig.unine.ch\/index.php?rest_route=%2Fwp%2Fv2%2Fcomments&post=35309"}],"version-history":[{"count":0,"href":"https:\/\/swissmig.unine.ch\/index.php?rest_route=\/wp\/v2\/posts\/35309\/revisions"}],"wp:attachment":[{"href":"https:\/\/swissmig.unine.ch\/index.php?rest_route=%2Fwp%2Fv2%2Fmedia&parent=35309"}],"wp:term":[{"taxonomy":"category","embeddable":true,"href":"https:\/\/swissmig.unine.ch\/index.php?rest_route=%2Fwp%2Fv2%2Fcategories&post=35309"},{"taxonomy":"post_tag","embeddable":true,"href":"https:\/\/swissmig.unine.ch\/index.php?rest_route=%2Fwp%2Fv2%2Ftags&post=35309"}],"curies":[{"name":"wp","href":"https:\/\/api.w.org\/{rel}","templated":true}]}}