{"id":35294,"date":"2023-04-03T08:00:00","date_gmt":"2023-04-03T07:00:00","guid":{"rendered":"https:\/\/swissmig.wordpress.com\/?p=35294"},"modified":"2023-04-03T08:00:00","modified_gmt":"2023-04-03T07:00:00","slug":"arbeitsmarktrelevante-merkmale-von-personen-mit-schutzstatus-s-schlussbericht","status":"publish","type":"post","link":"https:\/\/swissmig.unine.ch\/?p=35294","title":{"rendered":"Arbeitsmarktrelevante Merkmale von Personen mit Schutzstatus S : Schlussbericht"},"content":{"rendered":"<h3>Author(s) : Tobias Fritschi, Peter Neuenschwander, Debra Hevenstone, Olivier Lehmann, Jodok L\u00e4ser, Alissa H\u00e4nggeli<\/h3>\n<h3>Source : <a href=\"https:\/\/www.newsd.admin.ch\/newsd\/message\/attachments\/74948.pdf\" target=\"_blank\" rel=\"noopener\">https:\/\/www.newsd.admin.ch\/newsd\/message\/attachments\/74948.pdf<\/a><\/h3>\n<p><strong>Abstract: <\/strong><!--more--><\/p>\n<blockquote><p><span id=\"page6R_mcid1\" class=\"markedContent\"><span dir=\"ltr\" role=\"presentation\">Die Berner Fachhochschule BFH hat im Auftrag des Staatssekretariats f\u00fcr Migration SEM im Herbst<\/span><br role=\"presentation\" \/><span dir=\"ltr\" role=\"presentation\">2022 eine Umfrage bei 8\u2018000 Gefl\u00fcchteten mit Schutzstatus S durchgef\u00fchrt. Die Zielgruppe der Perso-<\/span><br role=\"presentation\" \/><span dir=\"ltr\" role=\"presentation\">nen im Alter von 16 bis 59 Jahren wurde zu arbeitsmarktrelevanten Merkmalen befragt. Hierbei wur-<\/span><br role=\"presentation\" \/><span dir=\"ltr\" role=\"presentation\">den nicht nur unmittelbar relevante Eigenschaften wie Sprache, Ausbildung und Berufserfahrung er-<\/span><br role=\"presentation\" \/><span dir=\"ltr\" role=\"presentation\">fragt, sondern auch grundlegende Merkmale wie Gesundheit, soziale Unterst\u00fctzung und Motivation<\/span><br role=\"presentation\" \/><span dir=\"ltr\" role=\"presentation\">f\u00fcr Bildung und Erwerb.<\/span><\/span><span id=\"page6R_mcid2\" class=\"markedContent\"><\/span><span id=\"page6R_mcid3\" class=\"markedContent\"><\/span><\/p>\n<p><span id=\"page6R_mcid3\" class=\"markedContent\"><br role=\"presentation\" \/><span dir=\"ltr\" role=\"presentation\">Der von der BFH in Zusammenarbeit mit dem SEM entwickelte Online-Fragebogen wurde von 1984<\/span><br role=\"presentation\" \/><span dir=\"ltr\" role=\"presentation\">Personen vollst\u00e4ndig ausgef\u00fcllt. Dies entspricht einer R\u00fccklaufquote von knapp 27%. Die Stichprobe<\/span><br role=\"presentation\" \/><span dir=\"ltr\" role=\"presentation\">ist repr\u00e4sentativ f\u00fcr die Grundgesamtheit der im Zeitraum M\u00e4rz bis Juni 2022 eingereisten Personen<\/span><br role=\"presentation\" \/><span dir=\"ltr\" role=\"presentation\">mit einer Mindestaufenthaltsdauer von zwei Monaten. Frauen und j\u00fcngere Personen (unter 40 Jahre)<\/span><br role=\"presentation\" \/><span dir=\"ltr\" role=\"presentation\">sind in dieser Population h\u00e4ufiger vertreten als in der Durchschnittsbev\u00f6lkerung der Schweiz.<\/span><\/span><span id=\"page6R_mcid4\" class=\"markedContent\"><\/span><span id=\"page6R_mcid5\" class=\"markedContent\"><\/span><\/p>\n<p><span id=\"page6R_mcid5\" class=\"markedContent\"><br role=\"presentation\" \/><span dir=\"ltr\" role=\"presentation\">Die Umfrage zeigt, dass die Sprachkompetenzen der Gefl\u00fcchteten mit Schutzstatus S rasch zuneh-<\/span><br role=\"presentation\" \/><span dir=\"ltr\" role=\"presentation\">men. 83% der Befragten besuchen einen Sprachkurs oder haben diesen bereits abgeschlossen. 40%<\/span><br role=\"presentation\" \/><span dir=\"ltr\" role=\"presentation\">sch\u00e4tzen ihre Englischkenntnisse als gut bis sehr gut ein, 10% geben an, in einer Landessprache das<\/span><br role=\"presentation\" \/><span dir=\"ltr\" role=\"presentation\">meiste verstehen und sich m\u00fcndlich gut ausdr\u00fccken zu k\u00f6nnen. Bez\u00fcglich Sprachkenntnisse besteht<\/span><br role=\"presentation\" \/><span dir=\"ltr\" role=\"presentation\">ein stark positiver Zusammenhang mit der Aufenthaltsdauer. J\u00fcngere Personen erlernen eine Landes-<\/span><br role=\"presentation\" \/><span dir=\"ltr\" role=\"presentation\">sprache schneller und weisen insbesondere bessere Englischkenntnisse auf.<\/span><\/span><span id=\"page6R_mcid6\" class=\"markedContent\"><\/span><span id=\"page6R_mcid7\" class=\"markedContent\"><\/span><\/p>\n<p><span id=\"page6R_mcid7\" class=\"markedContent\"><br role=\"presentation\" \/><span dir=\"ltr\" role=\"presentation\">Die Schutzsuchenden weisen einen hohen Bildungsstand auf, 70% der Befragten besitzen einen Hoch-<\/span><br role=\"presentation\" \/><span dir=\"ltr\" role=\"presentation\">schulabschluss. Ein Teil der Befragten weist Ausbildungen und Berufserfahrungen in Branchen mit<\/span><br role=\"presentation\" \/><span dir=\"ltr\" role=\"presentation\">Fachkr\u00e4ftemangel auf, wie z.B. im Bau- und Ingenieurwesen, Gesundheits- und Sozialwesen, in der P\u00e4-<\/span><br role=\"presentation\" \/><span dir=\"ltr\" role=\"presentation\">dagogik sowie der Informatik. Jugendliche und junge Erwachsene befinden sich h\u00e4ufig in Ausbildun-<\/span><br role=\"presentation\" \/><span dir=\"ltr\" role=\"presentation\">gen im Herkunftsland (Fernunterricht) oder in der Schweiz.<\/span><\/span><span id=\"page6R_mcid8\" class=\"markedContent\"><\/span><span id=\"page6R_mcid9\" class=\"markedContent\"><\/span><\/p>\n<p><span id=\"page6R_mcid9\" class=\"markedContent\"><br role=\"presentation\" \/><span dir=\"ltr\" role=\"presentation\">Die Befragten w\u00fcnschen sich mehr Unterst\u00fctzung in den Bereichen Arbeitssuche, Spracherwerb und<\/span><br role=\"presentation\" \/><span dir=\"ltr\" role=\"presentation\">Anerkennung von Berufsqualifikationen und Diplomen. Gesundheitlicher Unterst\u00fctzungsbedarf zeigt<\/span><br role=\"presentation\" \/><span dir=\"ltr\" role=\"presentation\">sich bei Jugendlichen und jungen Erwachsenen, bei welchen psychische Beeintr\u00e4chtigungen h\u00e4ufiger<\/span><br role=\"presentation\" \/><span dir=\"ltr\" role=\"presentation\">vorkommen als bei Erwachsenen im Alter ab 25 Jahren. Da ein Kriegsende zurzeit nicht absehbar ist,<\/span><br role=\"presentation\" \/><span dir=\"ltr\" role=\"presentation\">sieht sich ein Grossteil der Befragten in absehbarer Zeit in der Schweiz lebend und arbeitend.<\/span><\/span><span id=\"page6R_mcid10\" class=\"markedContent\"><\/span><span id=\"page6R_mcid11\" class=\"markedContent\"><\/span><\/p>\n<p><span id=\"page6R_mcid11\" class=\"markedContent\"><br role=\"presentation\" \/><span dir=\"ltr\" role=\"presentation\">Die Ergebnisse zu den arbeitsmarktrelevanten Merkmalen wurden als Profile in 5 Dimensionen als In-<\/span><br role=\"presentation\" \/><span dir=\"ltr\" role=\"presentation\">dizes aufbereitet (Motivation, Ausbildung, Gesundheit, Sprache, soziale Unterst\u00fctzung). Dabei zeigen<\/span><br role=\"presentation\" \/><span dir=\"ltr\" role=\"presentation\">sich St\u00e4rken in den Bereichen Motivation, Ausbildung und Gesundheit. Der Index Sprache liegt bei j\u00fcn-<\/span><br role=\"presentation\" \/><span dir=\"ltr\" role=\"presentation\">geren Personen etwas h\u00f6her als bei \u00e4lteren. Der Index der sozialen Unterst\u00fctzung ist bei \u00e4lteren Per-<\/span><br role=\"presentation\" \/><span dir=\"ltr\" role=\"presentation\">sonen leicht h\u00f6her als bei j\u00fcngeren. Insgesamt zeigen die 5 Indizes, dass Gefl\u00fcchtete mit Schutzsta-<\/span><br role=\"presentation\" \/><span dir=\"ltr\" role=\"presentation\">tus S \u00fcber ein relativ hohes Arbeitsmarktpotenzial verf\u00fcgen.<\/span><\/span><\/p><\/blockquote>\n","protected":false},"excerpt":{"rendered":"<p>Author(s) : Tobias Fritschi, Peter Neuenschwander, Debra Hevenstone, Olivier Lehmann,&#8230;<\/p>\n","protected":false},"author":4,"featured_media":0,"comment_status":"open","ping_status":"open","sticky":false,"template":"","format":"standard","meta":{"_kadence_starter_templates_imported_post":false,"_kad_post_transparent":"","_kad_post_title":"","_kad_post_layout":"","_kad_post_sidebar_id":"","_kad_post_content_style":"","_kad_post_vertical_padding":"","_kad_post_feature":"","_kad_post_feature_position":"","_kad_post_header":false,"_kad_post_footer":false,"_kad_post_classname":"","jetpack_post_was_ever_published":false,"_jetpack_newsletter_access":"","_jetpack_dont_email_post_to_subs":false,"_jetpack_newsletter_tier_id":0,"_jetpack_memberships_contains_paywalled_content":false,"_jetpack_memberships_contains_paid_content":false,"footnotes":""},"categories":[16],"tags":[739,15,176,232,337,240,73,19,83,730,103,249,166,510,264,647],"class_list":["post-35294","post","type-post","status-publish","format-standard","hentry","category-economics","tag-739","tag-economic-impact","tag-economic-integration","tag-education","tag-educational-achievement","tag-employment","tag-german-language","tag-labour-market","tag-labour-market-policy","tag-linguistic-competence","tag-refugees","tag-report","tag-residence-permits","tag-short-term-residence-permit","tag-skills","tag-ukrainians"],"jetpack_featured_media_url":"","jetpack_sharing_enabled":true,"_links":{"self":[{"href":"https:\/\/swissmig.unine.ch\/index.php?rest_route=\/wp\/v2\/posts\/35294","targetHints":{"allow":["GET"]}}],"collection":[{"href":"https:\/\/swissmig.unine.ch\/index.php?rest_route=\/wp\/v2\/posts"}],"about":[{"href":"https:\/\/swissmig.unine.ch\/index.php?rest_route=\/wp\/v2\/types\/post"}],"author":[{"embeddable":true,"href":"https:\/\/swissmig.unine.ch\/index.php?rest_route=\/wp\/v2\/users\/4"}],"replies":[{"embeddable":true,"href":"https:\/\/swissmig.unine.ch\/index.php?rest_route=%2Fwp%2Fv2%2Fcomments&post=35294"}],"version-history":[{"count":0,"href":"https:\/\/swissmig.unine.ch\/index.php?rest_route=\/wp\/v2\/posts\/35294\/revisions"}],"wp:attachment":[{"href":"https:\/\/swissmig.unine.ch\/index.php?rest_route=%2Fwp%2Fv2%2Fmedia&parent=35294"}],"wp:term":[{"taxonomy":"category","embeddable":true,"href":"https:\/\/swissmig.unine.ch\/index.php?rest_route=%2Fwp%2Fv2%2Fcategories&post=35294"},{"taxonomy":"post_tag","embeddable":true,"href":"https:\/\/swissmig.unine.ch\/index.php?rest_route=%2Fwp%2Fv2%2Ftags&post=35294"}],"curies":[{"name":"wp","href":"https:\/\/api.w.org\/{rel}","templated":true}]}}