{"id":35279,"date":"2023-04-03T08:00:00","date_gmt":"2023-04-03T07:00:00","guid":{"rendered":"https:\/\/swissmig.wordpress.com\/?p=35279"},"modified":"2023-04-03T08:00:00","modified_gmt":"2023-04-03T07:00:00","slug":"traitements-et-usages-des-langues-et-des-cultures-dorigine-a-lecole-primaire-comparaison-de-dispositifs-dans-des-pays-francophones-et-analyse-dun-terrain-genevois","status":"publish","type":"post","link":"https:\/\/swissmig.unine.ch\/?p=35279","title":{"rendered":"Traitements et usages des langues et des cultures d&#8217;origine \u00e0 l&#8217;\u00e9cole primaire. Comparaison de dispositifs dans des pays francophones et analyse d&#8217;un terrain genevois"},"content":{"rendered":"<h3>Author(s) : Salete Bastin<\/h3>\n<h3>Source : <a href=\"https:\/\/doi.org\/10.13097\/archive-ouverte\/unige:164274\" target=\"_blank\" rel=\"noopener\">https:\/\/doi.org\/10.13097\/archive-ouverte\/unige:164274<\/a><\/h3>\n<p><strong>Abstract: <\/strong><!--more--><\/p>\n<blockquote>\n<h2 class=\"abstract ng-star-inserted\">Ce travail de th\u00e8se propose une mise en regard entre le discours introspectif des principaux acteurs du syst\u00e8me \u00e9ducatif genevois et les dispositifs mis en place par les politiques \u00e9ducatives en lien avec les repr\u00e9sentations sur la diversit\u00e9 ; la place des prescriptions officielles dans l\u2019accueil des \u00e9l\u00e8ves allophones\/primo-arrivants ; l\u2019importance des dispositifs pr\u00e9vus pour faciliter l\u2019int\u00e9gration de ces \u00e9l\u00e8ves au sein des classes r\u00e9guli\u00e8res ; le r\u00f4le de la formation des enseignants comme vecteur de l\u2019inclusion et, enfin, la valeur ajout\u00e9e des cours de langue et culture d\u2019origine comme levier de l\u2019apprentissage du fran\u00e7ais en tant que langue de scolarisation. Il s\u2019agit d\u2019une \u00e9tude qualitative bas\u00e9e sur quatre types de recueils de donn\u00e9es : des rencontres sous forme de <i>focus group, <\/i>des entretiens semi-directifs et des questionnaires individuels et anonymes. L\u2019analyse des donn\u00e9es met en \u00e9vidence le caract\u00e8re multifocal et interdisciplinaire de l\u2019approche et permet de saisir les positions relatives aux traitements et usages des langues et cultures d\u2019origine.<\/h2>\n<\/blockquote>\n","protected":false},"excerpt":{"rendered":"<p>Author(s) : Salete Bastin Source : https:\/\/doi.org\/10.13097\/archive-ouverte\/unige:164274 Abstract:<\/p>\n","protected":false},"author":4,"featured_media":0,"comment_status":"open","ping_status":"open","sticky":false,"template":"","format":"standard","meta":{"_kadence_starter_templates_imported_post":false,"_kad_post_transparent":"","_kad_post_title":"","_kad_post_layout":"","_kad_post_sidebar_id":"","_kad_post_content_style":"","_kad_post_vertical_padding":"","_kad_post_feature":"","_kad_post_feature_position":"","_kad_post_header":false,"_kad_post_footer":false,"_kad_post_classname":"","jetpack_post_was_ever_published":false,"_jetpack_newsletter_access":"","_jetpack_dont_email_post_to_subs":false,"_jetpack_newsletter_tier_id":0,"_jetpack_memberships_contains_paywalled_content":false,"_jetpack_memberships_contains_paid_content":false,"footnotes":""},"categories":[61],"tags":[722,318,409,393,493,589,77,52,161,363,290,410],"class_list":["post-35279","post","type-post","status-publish","format-standard","hentry","category-education","tag-722","tag-children","tag-cultural-diversity","tag-diversity","tag-diversity-management","tag-doctoral-thesis","tag-education-policy","tag-french-language","tag-language-education","tag-school","tag-students","tag-teacher-education"],"jetpack_featured_media_url":"","jetpack_sharing_enabled":true,"_links":{"self":[{"href":"https:\/\/swissmig.unine.ch\/index.php?rest_route=\/wp\/v2\/posts\/35279","targetHints":{"allow":["GET"]}}],"collection":[{"href":"https:\/\/swissmig.unine.ch\/index.php?rest_route=\/wp\/v2\/posts"}],"about":[{"href":"https:\/\/swissmig.unine.ch\/index.php?rest_route=\/wp\/v2\/types\/post"}],"author":[{"embeddable":true,"href":"https:\/\/swissmig.unine.ch\/index.php?rest_route=\/wp\/v2\/users\/4"}],"replies":[{"embeddable":true,"href":"https:\/\/swissmig.unine.ch\/index.php?rest_route=%2Fwp%2Fv2%2Fcomments&post=35279"}],"version-history":[{"count":0,"href":"https:\/\/swissmig.unine.ch\/index.php?rest_route=\/wp\/v2\/posts\/35279\/revisions"}],"wp:attachment":[{"href":"https:\/\/swissmig.unine.ch\/index.php?rest_route=%2Fwp%2Fv2%2Fmedia&parent=35279"}],"wp:term":[{"taxonomy":"category","embeddable":true,"href":"https:\/\/swissmig.unine.ch\/index.php?rest_route=%2Fwp%2Fv2%2Fcategories&post=35279"},{"taxonomy":"post_tag","embeddable":true,"href":"https:\/\/swissmig.unine.ch\/index.php?rest_route=%2Fwp%2Fv2%2Ftags&post=35279"}],"curies":[{"name":"wp","href":"https:\/\/api.w.org\/{rel}","templated":true}]}}