{"id":35231,"date":"2023-03-06T08:00:00","date_gmt":"2023-03-06T07:00:00","guid":{"rendered":"https:\/\/swissmig.wordpress.com\/?p=35231"},"modified":"2023-03-06T08:00:00","modified_gmt":"2023-03-06T07:00:00","slug":"entre-latout-de-la-diversite-et-les-risques-de-discrimination-quel-vecu-pour-les-eleves-de-lecole-genevoise","status":"publish","type":"post","link":"https:\/\/swissmig.unine.ch\/?p=35231","title":{"rendered":"Entre l\u2019atout de la diversit\u00e9 et les risques de discrimination : quel v\u00e9cu pour les \u00e9l\u00e8ves de l&#8217;\u00e9cole genevoise ?"},"content":{"rendered":"\n<p><\/p>\n\n\n<h3>Author(s) : Marion Dutr\u00e9vis, Laure Scalambrin, Jason Wettstein<\/h3>\n<h3>Source : <a href=\"https:\/\/www.ge.ch\/node\/29874\">https:\/\/www.ge.ch\/node\/29874<\/a><\/h3>\n<p><!--more--><\/p>\n<blockquote>\n<div class=\" sec\">\n<p id=\"sp0002\">&#8220;<span id=\"page18R_mcid1\" class=\"markedContent\"><span dir=\"ltr\" role=\"presentation\">Les \u00e9tablissements scolaires sont des microsoci\u00e9t\u00e9s que chacun et chacune rejoint avec son<\/span><br role=\"presentation\" \/><span dir=\"ltr\" role=\"presentation\">histoire personnelle, ses int\u00e9r\u00eats, ses motivations et tout ce qui le ou la caract\u00e9rise. Pour<\/span><br role=\"presentation\" \/><span dir=\"ltr\" role=\"presentation\">l\u2019\u00e9cole, un des enjeux actuels consiste \u00e0 maintenir un climat scolaire bienveillant et favorable<\/span><br role=\"presentation\" \/><span dir=\"ltr\" role=\"presentation\">aux apprentissages, notamment \u00e0 travers la pr\u00e9vention des discriminations. En 2020, en \u00e9cho<\/span><br role=\"presentation\" \/><span dir=\"ltr\" role=\"presentation\">aux questionnements politiques et associatifs, le d\u00e9partement de l\u2019instruction publique, de la<\/span><br role=\"presentation\" \/><span dir=\"ltr\" role=\"presentation\">formation et de la jeunesse (DIP) a confi\u00e9 pour mission au service de la recherche en<\/span><br role=\"presentation\" \/><span dir=\"ltr\" role=\"presentation\">\u00e9ducation (SRED) de mener une enqu\u00eate sur la diversit\u00e9 et les discriminations dans les \u00e9coles<\/span><br role=\"presentation\" \/><span dir=\"ltr\" role=\"presentation\">genevoises.<\/span><\/span>&#8220;<\/p>\n<\/div>\n<\/blockquote>","protected":false},"excerpt":{"rendered":"<p>Author(s) : Marion Dutr\u00e9vis, Laure Scalambrin, Jason Wettstein Source :&#8230;<\/p>\n","protected":false},"author":4,"featured_media":0,"comment_status":"open","ping_status":"open","sticky":false,"template":"","format":"standard","meta":{"_kadence_starter_templates_imported_post":false,"_kad_post_transparent":"","_kad_post_title":"","_kad_post_layout":"","_kad_post_sidebar_id":"","_kad_post_content_style":"","_kad_post_vertical_padding":"","_kad_post_feature":"","_kad_post_feature_position":"","_kad_post_header":false,"_kad_post_footer":false,"_kad_post_classname":"","jetpack_post_was_ever_published":false,"_jetpack_newsletter_access":"","_jetpack_dont_email_post_to_subs":false,"_jetpack_newsletter_tier_id":0,"_jetpack_memberships_contains_paywalled_content":false,"_jetpack_memberships_contains_paid_content":false,"footnotes":""},"categories":[61],"tags":[722,37,120,77,82,421,52,341,122,180,411,295,334,249,363,117],"class_list":["post-35231","post","type-post","status-publish","format-standard","hentry","category-education","tag-722","tag-attitudes-towards-migrants","tag-data-analysis","tag-education-policy","tag-ethnic-discrimination","tag-ethnic-diversity","tag-french-language","tag-geneva","tag-migrants","tag-multiculturalism","tag-perception","tag-prevention","tag-racism","tag-report","tag-school","tag-school-integration"],"jetpack_featured_media_url":"","jetpack_sharing_enabled":true,"_links":{"self":[{"href":"https:\/\/swissmig.unine.ch\/index.php?rest_route=\/wp\/v2\/posts\/35231","targetHints":{"allow":["GET"]}}],"collection":[{"href":"https:\/\/swissmig.unine.ch\/index.php?rest_route=\/wp\/v2\/posts"}],"about":[{"href":"https:\/\/swissmig.unine.ch\/index.php?rest_route=\/wp\/v2\/types\/post"}],"author":[{"embeddable":true,"href":"https:\/\/swissmig.unine.ch\/index.php?rest_route=\/wp\/v2\/users\/4"}],"replies":[{"embeddable":true,"href":"https:\/\/swissmig.unine.ch\/index.php?rest_route=%2Fwp%2Fv2%2Fcomments&post=35231"}],"version-history":[{"count":0,"href":"https:\/\/swissmig.unine.ch\/index.php?rest_route=\/wp\/v2\/posts\/35231\/revisions"}],"wp:attachment":[{"href":"https:\/\/swissmig.unine.ch\/index.php?rest_route=%2Fwp%2Fv2%2Fmedia&parent=35231"}],"wp:term":[{"taxonomy":"category","embeddable":true,"href":"https:\/\/swissmig.unine.ch\/index.php?rest_route=%2Fwp%2Fv2%2Fcategories&post=35231"},{"taxonomy":"post_tag","embeddable":true,"href":"https:\/\/swissmig.unine.ch\/index.php?rest_route=%2Fwp%2Fv2%2Ftags&post=35231"}],"curies":[{"name":"wp","href":"https:\/\/api.w.org\/{rel}","templated":true}]}}