{"id":35219,"date":"2023-03-06T08:00:00","date_gmt":"2023-03-06T07:00:00","guid":{"rendered":"https:\/\/swissmig.wordpress.com\/?p=35219"},"modified":"2023-03-06T08:00:00","modified_gmt":"2023-03-06T07:00:00","slug":"living-the-dream-the-odyssey-of-a-migrant-entrepreneur-comic-in-eng-fr-and-ger","status":"publish","type":"post","link":"https:\/\/swissmig.unine.ch\/?p=35219","title":{"rendered":"LIVING THE DREAM? The Odyssey of a Migrant Entrepreneur [Comic in ENG, FR and GER]"},"content":{"rendered":"\n<p><\/p>\n\n\n<h3>Author(s) : Christina Mittmasser, Laure Sandoz, Yvonne Ria\u00f1o, Jean Leveugle<\/h3>\n<h3>Source : <a href=\"https:\/\/zenodo.org\/record\/7142549\">https:\/\/zenodo.org\/record\/7142549<\/a><\/h3>\n<p><!--more--><\/p>\n<blockquote>\n<div class=\" sec\">\n<p>This comic is the result of a research project conducted at the University of Neuch\u00e2tel.<\/p>\n<p>The entrepreneurial dream \u2013 who is it for? Do you have to be an innovative and successful entrepreneur to be welcome in Switzerland? Luisa, a Colombian fashion designer based in Zurich, reflects on these questions. Through her experiences and encounters, she raises awareness of the obstacles along the entrepreneurial path and challenges simplistic success stories.<\/p>\n<p><strong>LIVING THE DREAM? Ou l\u2019odyss\u00e9e d\u2019une migrante entrepreneuse<\/strong><\/p>\n<p>La bande dessin\u00e9e est issue d\u2019un projet de recherche r\u00e9alis\u00e9 \u00e0 l\u2019Universit\u00e9 de Neuch\u00e2tel.<\/p>\n<p>Le r\u00eave entrepreneurial, c\u2019est pour qui ? Faut-il \u00eatre une entrepreneuse innovatrice et \u00e0 succ\u00e8s pour \u00eatre accueillie en Suisse ? Luisa, cr\u00e9atrice de mode colombienne install\u00e9e \u00e0 Zurich, se pose des questions. Au fil de ses exp\u00e9riences et rencontres, elle prend conscience des obstacles qui jalonnent le parcours entrepreneurial et nuance les r\u00e9cits simplistes de r\u00e9ussite.<\/p>\n<p><strong>LIVING THE DREAM? Die Odyssee einer Unternehmerin mit Migrationserfahrung<\/strong><\/p>\n<p>Dieser Comic ist das Ergebnis eines Forschungsprojekts, das an der Universit\u00e4t Neuenburg durchgef\u00fchrt wurde.<\/p>\n<p>Wer kann von einer Karriere als Unternehmerin tr\u00e4umen? Muss man eine innovative und erfolgreiche Unternehmerin sein, damit man in der Schweiz willkommen ist? Luisa, eine kolumbianische Modedesignerin mit Wohnsitz in Z\u00fcrich, denkt \u00fcber diese Fragen nach. Ihre Erfahrungen und Begegnungen machen ihr die Hindernisse auf dem Weg zur beruflichen Selbstst\u00e4ndigkeit deutlich. Sie beginnt, vereinfachte Erfolgsgeschichten zu kritisieren.<\/p>\n<\/div>\n<\/blockquote>","protected":false},"excerpt":{"rendered":"<p>Author(s) : Christina Mittmasser, Laure Sandoz, Yvonne Ria\u00f1o, Jean Leveugle&#8230;<\/p>\n","protected":false},"author":4,"featured_media":0,"comment_status":"open","ping_status":"open","sticky":false,"template":"","format":"standard","meta":{"_kadence_starter_templates_imported_post":false,"_kad_post_transparent":"","_kad_post_title":"","_kad_post_layout":"","_kad_post_sidebar_id":"","_kad_post_content_style":"","_kad_post_vertical_padding":"","_kad_post_feature":"","_kad_post_feature_position":"","_kad_post_header":false,"_kad_post_footer":false,"_kad_post_classname":"","jetpack_post_was_ever_published":false,"_jetpack_newsletter_access":"","_jetpack_dont_email_post_to_subs":false,"_jetpack_newsletter_tier_id":0,"_jetpack_memberships_contains_paywalled_content":false,"_jetpack_memberships_contains_paid_content":false,"footnotes":""},"categories":[16],"tags":[722,407,362,404,37,562,176,9,296,82,52,148,73,55,122,411,90,279,201],"class_list":["post-35219","post","type-post","status-publish","format-standard","hentry","category-economics","tag-722","tag-access-to-education","tag-access-to-employment","tag-arts","tag-attitudes-towards-migrants","tag-book","tag-economic-integration","tag-english-language","tag-entrepreneurship","tag-ethnic-discrimination","tag-french-language","tag-gender","tag-german-language","tag-high-skilled-immigrants","tag-migrants","tag-perception","tag-reception-policy","tag-socioeconomic-factors","tag-women"],"jetpack_featured_media_url":"","jetpack_sharing_enabled":true,"_links":{"self":[{"href":"https:\/\/swissmig.unine.ch\/index.php?rest_route=\/wp\/v2\/posts\/35219","targetHints":{"allow":["GET"]}}],"collection":[{"href":"https:\/\/swissmig.unine.ch\/index.php?rest_route=\/wp\/v2\/posts"}],"about":[{"href":"https:\/\/swissmig.unine.ch\/index.php?rest_route=\/wp\/v2\/types\/post"}],"author":[{"embeddable":true,"href":"https:\/\/swissmig.unine.ch\/index.php?rest_route=\/wp\/v2\/users\/4"}],"replies":[{"embeddable":true,"href":"https:\/\/swissmig.unine.ch\/index.php?rest_route=%2Fwp%2Fv2%2Fcomments&post=35219"}],"version-history":[{"count":0,"href":"https:\/\/swissmig.unine.ch\/index.php?rest_route=\/wp\/v2\/posts\/35219\/revisions"}],"wp:attachment":[{"href":"https:\/\/swissmig.unine.ch\/index.php?rest_route=%2Fwp%2Fv2%2Fmedia&parent=35219"}],"wp:term":[{"taxonomy":"category","embeddable":true,"href":"https:\/\/swissmig.unine.ch\/index.php?rest_route=%2Fwp%2Fv2%2Fcategories&post=35219"},{"taxonomy":"post_tag","embeddable":true,"href":"https:\/\/swissmig.unine.ch\/index.php?rest_route=%2Fwp%2Fv2%2Ftags&post=35219"}],"curies":[{"name":"wp","href":"https:\/\/api.w.org\/{rel}","templated":true}]}}