{"id":35216,"date":"2023-03-06T08:00:00","date_gmt":"2023-03-06T07:00:00","guid":{"rendered":"https:\/\/swissmig.wordpress.com\/?p=35216"},"modified":"2023-03-06T08:00:00","modified_gmt":"2023-03-06T07:00:00","slug":"faire-du-sur-place-sans-jamais-pouvoir-prendre-place-linterminable-arrivee-de-jeunes-maghrebins-sans-papiers-a-geneve","status":"publish","type":"post","link":"https:\/\/swissmig.unine.ch\/?p=35216","title":{"rendered":"Faire du sur-place sans jamais pouvoir prendre place : l\u2019interminable arriv\u00e9e de jeunes maghr\u00e9bins sans-papiers \u00e0 Gen\u00e8ve"},"content":{"rendered":"\n<p><\/p>\n\n\n<h3>Author(s) : Sahar Fneich, Maxime Felder, Joan Stavo-Debauge<\/h3>\n<h3>Source : <a href=\"https:\/\/doi.org\/10.4000\/remi.23476\">https:\/\/doi.org\/10.4000\/remi.23476<\/a><\/h3>\n<p><!--more--><\/p>\n<blockquote>\n<div class=\" sec\">\n<p id=\"sp0002\">&#8220;Cet article analyse l\u2019exp\u00e9rience de jeunes Maghr\u00e9bins nouvellement arriv\u00e9s \u00e0 Gen\u00e8ve. Pr\u00e9caris\u00e9s par leur parcours d\u2019errance, sans statut l\u00e9gal, ils trouvent \u00e0 Gen\u00e8ve une infrastructure d\u2019accueil qui leur permet de se nourrir et de dormir au chaud. Cependant, cette hospitalit\u00e9 a un co\u00fbt\u2009: elle leur demande de suivre un parcours quotidien d\u00e9termin\u00e9 et rythm\u00e9 par les services d\u00e9livr\u00e9s \u00e0 heures fixes dans diff\u00e9rents lieux d\u2019accueil. Ce mode de vie combine mobilit\u00e9 et immobilit\u00e9, donnant aux nouveaux arrivants l\u2019impression de faire du surplace. Ceux-ci s\u2019am\u00e9nagent alors des \u00e9chappatoires, notamment dans des conduites d\u00e9lictuelles, mais trouvent rarement d\u2019autre issue que de reprendre la route. Nous analyserons ici les caract\u00e9ristiques de cette hospitalit\u00e9 particuli\u00e8re \u00e0 travers quatre \u00e9preuves qu\u2019ils rencontrent\u2009: se familiariser, habiter, gagner sa vie, et se projeter. Ce qui rend ces \u00e9preuves souvent insurmontables tient tant dans l\u2019orientation et l\u2019organisation de l\u2019infrastructure d\u2019accueil que dans la situation sp\u00e9cifique de ce groupe de jeunes sans-papiers.&#8221;<\/p>\n<\/div>\n<\/blockquote>","protected":false},"excerpt":{"rendered":"<p>Author(s) : Sahar Fneich, Maxime Felder, Joan Stavo-Debauge Source :&#8230;<\/p>\n","protected":false},"author":4,"featured_media":0,"comment_status":"open","ping_status":"open","sticky":false,"template":"","format":"standard","meta":{"_kadence_starter_templates_imported_post":false,"_kad_post_transparent":"","_kad_post_title":"","_kad_post_layout":"","_kad_post_sidebar_id":"","_kad_post_content_style":"","_kad_post_vertical_padding":"","_kad_post_feature":"","_kad_post_feature_position":"","_kad_post_header":false,"_kad_post_footer":false,"_kad_post_classname":"","jetpack_post_was_ever_published":false,"_jetpack_newsletter_access":"","_jetpack_dont_email_post_to_subs":false,"_jetpack_newsletter_tier_id":0,"_jetpack_memberships_contains_paywalled_content":false,"_jetpack_memberships_contains_paid_content":false,"footnotes":""},"categories":[24],"tags":[722,239,7,37,176,52,341,133,324,294,102,90,617,91,25,262,118],"class_list":["post-35216","post","type-post","status-publish","format-standard","hentry","category-society-family-racism","tag-722","tag-africans","tag-article","tag-attitudes-towards-migrants","tag-economic-integration","tag-french-language","tag-geneva","tag-immigrant-policy","tag-immobility","tag-irregular-migration","tag-poverty","tag-reception-policy","tag-refugee-centres","tag-social-integration","tag-solidarity","tag-undocumented-immigrants","tag-youth"],"jetpack_featured_media_url":"","jetpack_sharing_enabled":true,"_links":{"self":[{"href":"https:\/\/swissmig.unine.ch\/index.php?rest_route=\/wp\/v2\/posts\/35216","targetHints":{"allow":["GET"]}}],"collection":[{"href":"https:\/\/swissmig.unine.ch\/index.php?rest_route=\/wp\/v2\/posts"}],"about":[{"href":"https:\/\/swissmig.unine.ch\/index.php?rest_route=\/wp\/v2\/types\/post"}],"author":[{"embeddable":true,"href":"https:\/\/swissmig.unine.ch\/index.php?rest_route=\/wp\/v2\/users\/4"}],"replies":[{"embeddable":true,"href":"https:\/\/swissmig.unine.ch\/index.php?rest_route=%2Fwp%2Fv2%2Fcomments&post=35216"}],"version-history":[{"count":0,"href":"https:\/\/swissmig.unine.ch\/index.php?rest_route=\/wp\/v2\/posts\/35216\/revisions"}],"wp:attachment":[{"href":"https:\/\/swissmig.unine.ch\/index.php?rest_route=%2Fwp%2Fv2%2Fmedia&parent=35216"}],"wp:term":[{"taxonomy":"category","embeddable":true,"href":"https:\/\/swissmig.unine.ch\/index.php?rest_route=%2Fwp%2Fv2%2Fcategories&post=35216"},{"taxonomy":"post_tag","embeddable":true,"href":"https:\/\/swissmig.unine.ch\/index.php?rest_route=%2Fwp%2Fv2%2Ftags&post=35216"}],"curies":[{"name":"wp","href":"https:\/\/api.w.org\/{rel}","templated":true}]}}