{"id":35204,"date":"2023-02-27T08:00:00","date_gmt":"2023-02-27T07:00:00","guid":{"rendered":"https:\/\/swissmig.wordpress.com\/?p=35204"},"modified":"2023-02-27T08:00:00","modified_gmt":"2023-02-27T07:00:00","slug":"jetzt-ist-zusammenarbeit-gefragt-les-enjeux-de-la-cooperation","status":"publish","type":"post","link":"https:\/\/swissmig.unine.ch\/?p=35204","title":{"rendered":"Jetzt ist Zusammenarbeit gefragt = Les enjeux de la coop\u00e9ration"},"content":{"rendered":"\n<p><\/p>\n\n\n<h3>Author(s) : Kevin Morisod, Patrick Bodenmann<\/h3>\n<h3>Source : <a href=\"https:\/\/doi.org\/10.4414\/saez.2022.21053\" target=\"_blank\" rel=\"noopener\">https:\/\/doi.org\/10.4414\/saez.2022.21053<\/a><\/h3>\n<blockquote>\n<div class=\" sec\">\n<p>&#8220;Das schweizerische Gesundheitssystem steht vor noch nie dagewesenen Herausforderungen. Vor acht Monaten ist der Krieg nach Europa zur\u00fcckgekehrt und hat Millionen Ukrainerinnen und Ukrainer ins Exil getrieben. Wie diese neue Migrationswelle gestemmt werden kann \u2013 und welche Rolle dabei die Interprofessionalit\u00e4t spielt.&#8221;<\/p>\n<p>&#8220;Le syst\u00e8me de sant\u00e9 suisse est face \u00e0 des d\u00e9fis sans pr\u00e9c\u00e9dent. Il y a huit mois, la guerre est revenue en Europe et a pouss\u00e9 des millions d\u2019Ukrainiens \u00e0 l\u2019exil. Comment g\u00e9rer cette nouvelle vague de migration \u2013 et quel r\u00f4le joue l\u2019interprofessionnalit\u00e9 dans ce contexte.&#8221;<\/p>\n<\/div>\n<\/blockquote>","protected":false},"excerpt":{"rendered":"<p>Author(s) : Kevin Morisod, Patrick Bodenmann Source : https:\/\/doi.org\/10.4414\/saez.2022.21053 &#8220;Das&#8230;<\/p>\n","protected":false},"author":4,"featured_media":0,"comment_status":"open","ping_status":"open","sticky":false,"template":"","format":"standard","meta":{"_kadence_starter_templates_imported_post":false,"_kad_post_transparent":"","_kad_post_title":"","_kad_post_layout":"","_kad_post_sidebar_id":"","_kad_post_content_style":"","_kad_post_vertical_padding":"","_kad_post_feature":"","_kad_post_feature_position":"","_kad_post_header":false,"_kad_post_footer":false,"_kad_post_classname":"","jetpack_post_was_ever_published":false,"_jetpack_newsletter_access":"","_jetpack_dont_email_post_to_subs":false,"_jetpack_newsletter_tier_id":0,"_jetpack_memberships_contains_paywalled_content":false,"_jetpack_memberships_contains_paid_content":false,"footnotes":""},"categories":[59],"tags":[722,556,7,52,73,157,216,122,20,295,90,340,279,647,144],"class_list":["post-35204","post","type-post","status-publish","format-standard","hentry","category-health","tag-722","tag-access-to-health-care","tag-article","tag-french-language","tag-german-language","tag-health-care","tag-international-cooperation","tag-migrants","tag-migration-flows","tag-prevention","tag-reception-policy","tag-social-support","tag-socioeconomic-factors","tag-ukrainians","tag-vulnerability"],"jetpack_featured_media_url":"","jetpack_sharing_enabled":true,"_links":{"self":[{"href":"https:\/\/swissmig.unine.ch\/index.php?rest_route=\/wp\/v2\/posts\/35204","targetHints":{"allow":["GET"]}}],"collection":[{"href":"https:\/\/swissmig.unine.ch\/index.php?rest_route=\/wp\/v2\/posts"}],"about":[{"href":"https:\/\/swissmig.unine.ch\/index.php?rest_route=\/wp\/v2\/types\/post"}],"author":[{"embeddable":true,"href":"https:\/\/swissmig.unine.ch\/index.php?rest_route=\/wp\/v2\/users\/4"}],"replies":[{"embeddable":true,"href":"https:\/\/swissmig.unine.ch\/index.php?rest_route=%2Fwp%2Fv2%2Fcomments&post=35204"}],"version-history":[{"count":0,"href":"https:\/\/swissmig.unine.ch\/index.php?rest_route=\/wp\/v2\/posts\/35204\/revisions"}],"wp:attachment":[{"href":"https:\/\/swissmig.unine.ch\/index.php?rest_route=%2Fwp%2Fv2%2Fmedia&parent=35204"}],"wp:term":[{"taxonomy":"category","embeddable":true,"href":"https:\/\/swissmig.unine.ch\/index.php?rest_route=%2Fwp%2Fv2%2Fcategories&post=35204"},{"taxonomy":"post_tag","embeddable":true,"href":"https:\/\/swissmig.unine.ch\/index.php?rest_route=%2Fwp%2Fv2%2Ftags&post=35204"}],"curies":[{"name":"wp","href":"https:\/\/api.w.org\/{rel}","templated":true}]}}