{"id":35193,"date":"2023-02-20T08:00:00","date_gmt":"2023-02-20T07:00:00","guid":{"rendered":"https:\/\/swissmig.wordpress.com\/?p=35193"},"modified":"2023-02-20T08:00:00","modified_gmt":"2023-02-20T07:00:00","slug":"travail-relationnel-et-travail-de-sens-dans-lactivite-de-professionnel%c2%b7les-de-laccompagnement-reconnaissance-et-dilemmes-au-coeur-du-metier","status":"publish","type":"post","link":"https:\/\/swissmig.unine.ch\/?p=35193","title":{"rendered":"Travail relationnel et travail de sens dans l\u2019activit\u00e9 de professionnel\u00b7les de l\u2019accompagnement. Reconnaissance et dilemmes au c\u0153ur du m\u00e9tier"},"content":{"rendered":"\n<p><\/p>\n\n\n<h3>Author(s) : St\u00e9phanie Cardoso, Nathalie Muller Mirza<\/h3>\n<h3>Source : <a href=\"https:\/\/doi.org\/10.3917\/graph1.079.0111\" target=\"_blank\" rel=\"noopener\">https:\/\/doi.org\/10.3917\/graph1.079.0111<\/a><\/h3>\n<p><!--more--><\/p>\n<blockquote>\n<div class=\" sec\">\n<p id=\"sp0002\">&#8220;L\u2019\u00e9volution des r\u00e9glementations suisses pour l\u2019int\u00e9gration de r\u00e9fugi\u00e9\u00b7es affecte les activit\u00e9s d\u2019accompagnement. Le c\u0153ur du m\u00e9tier est d\u00e9fini par la relation avec les b\u00e9n\u00e9ficiaires, mais celle-ci place les professionnel\u00b7les dans des enjeux de divers ordres. Cet article vise \u00e0 examiner la mani\u00e8re dont les professionnel\u00b7les de l\u2019accompagnement donnent sens \u00e0 leur activit\u00e9 dans un contexte instable. Nos r\u00e9sultats montrent que des dilemmes sont per\u00e7us par les professionnel\u00b7les, qui mettent en lumi\u00e8re des enjeux de reconnaissance.&#8221;<\/p>\n<\/div>\n<\/blockquote>","protected":false},"excerpt":{"rendered":"<p>Author(s) : St\u00e9phanie Cardoso, Nathalie Muller Mirza Source : https:\/\/doi.org\/10.3917\/graph1.079.0111<\/p>\n","protected":false},"author":4,"featured_media":0,"comment_status":"open","ping_status":"open","sticky":false,"template":"","format":"standard","meta":{"_kadence_starter_templates_imported_post":false,"_kad_post_transparent":"","_kad_post_title":"","_kad_post_layout":"","_kad_post_sidebar_id":"","_kad_post_content_style":"","_kad_post_vertical_padding":"","_kad_post_feature":"","_kad_post_feature_position":"","_kad_post_header":false,"_kad_post_footer":false,"_kad_post_classname":"","jetpack_post_was_ever_published":false,"_jetpack_newsletter_access":"","_jetpack_dont_email_post_to_subs":false,"_jetpack_newsletter_tier_id":0,"_jetpack_memberships_contains_paywalled_content":false,"_jetpack_memberships_contains_paid_content":false,"footnotes":""},"categories":[24],"tags":[722,7,37,176,52,387,160,19,122,103,313,340,312],"class_list":["post-35193","post","type-post","status-publish","format-standard","hentry","category-society-family-racism","tag-722","tag-article","tag-attitudes-towards-migrants","tag-economic-integration","tag-french-language","tag-integration-policy","tag-integration-programmes","tag-labour-market","tag-migrants","tag-refugees","tag-social-policy","tag-social-support","tag-social-work"],"jetpack_featured_media_url":"","jetpack_sharing_enabled":true,"_links":{"self":[{"href":"https:\/\/swissmig.unine.ch\/index.php?rest_route=\/wp\/v2\/posts\/35193","targetHints":{"allow":["GET"]}}],"collection":[{"href":"https:\/\/swissmig.unine.ch\/index.php?rest_route=\/wp\/v2\/posts"}],"about":[{"href":"https:\/\/swissmig.unine.ch\/index.php?rest_route=\/wp\/v2\/types\/post"}],"author":[{"embeddable":true,"href":"https:\/\/swissmig.unine.ch\/index.php?rest_route=\/wp\/v2\/users\/4"}],"replies":[{"embeddable":true,"href":"https:\/\/swissmig.unine.ch\/index.php?rest_route=%2Fwp%2Fv2%2Fcomments&post=35193"}],"version-history":[{"count":0,"href":"https:\/\/swissmig.unine.ch\/index.php?rest_route=\/wp\/v2\/posts\/35193\/revisions"}],"wp:attachment":[{"href":"https:\/\/swissmig.unine.ch\/index.php?rest_route=%2Fwp%2Fv2%2Fmedia&parent=35193"}],"wp:term":[{"taxonomy":"category","embeddable":true,"href":"https:\/\/swissmig.unine.ch\/index.php?rest_route=%2Fwp%2Fv2%2Fcategories&post=35193"},{"taxonomy":"post_tag","embeddable":true,"href":"https:\/\/swissmig.unine.ch\/index.php?rest_route=%2Fwp%2Fv2%2Ftags&post=35193"}],"curies":[{"name":"wp","href":"https:\/\/api.w.org\/{rel}","templated":true}]}}