{"id":35184,"date":"2023-02-20T08:00:00","date_gmt":"2023-02-20T07:00:00","guid":{"rendered":"https:\/\/swissmig.wordpress.com\/?p=35184"},"modified":"2023-02-20T08:00:00","modified_gmt":"2023-02-20T07:00:00","slug":"menschenrechte-in-der-schweiz-starken-neue-ideen-fur-politik-und-praxis-renforcer-les-droits-humains-en-suisse-nouvelles-idees-pour-la-politique-et-la-pratique","status":"publish","type":"post","link":"https:\/\/swissmig.unine.ch\/?p=35184","title":{"rendered":"Menschenrechte in der Schweiz st\u00e4rken: neue Ideen f\u00fcr Politik und Praxis = Renforcer les droits humains en Suisse : nouvelles id\u00e9es pour la politique et la pratique"},"content":{"rendered":"\n<p><\/p>\n\n\n<h3>Author(s) : Schweizerisches Kompetenzzentrum f\u00fcr Menschenrechte (SKMR) \/ Centre suisse de comp\u00e9tence pour les droits humains (CSDH)<\/h3>\n<h3>Source : GER <a href=\"https:\/\/www.skmr.ch\/cms\/upload\/pdf\/2022\/220816_Menschenrechte_in_der_Schweiz_staerken.pdf\" target=\"_blank\" rel=\"noopener\">https:\/\/www.skmr.ch\/cms\/upload\/pdf\/2022\/220816_Menschenrechte_in_der_Schweiz_staerken.pdf<\/a><\/h3>\n<h3>Source : FRE <a href=\"https:\/\/www.skmr.ch\/cms\/upload\/pdf\/2022\/220816_Renforcer_les_droits_humains_en_Suisse.pdf\" target=\"_blank\" rel=\"noopener\">https:\/\/www.skmr.ch\/cms\/upload\/pdf\/2022\/220816_Renforcer_les_droits_humains_en_Suisse.pdf<\/a><\/h3>\n<p><!--more--><\/p>\n<blockquote>\n<div class=\" sec\">\n<p>&#8220;Sollen Volksinitiativen f\u00fcr ung\u00fcltig erkl\u00e4rt werden, wenn sie Menschenrechte verletzen? Braucht es eine menschenrechtliche Sorgfaltspr\u00fcfungspflicht f\u00fcr Schweizer Unternehmen? Wie k\u00f6nnen wir gewaltbetroffene Frauen im Asylbereich besser unterst\u00fctzen? Warum erhielten w\u00e4hrend der Coronapandemie viele bed\u00fcrftige Menschen keine Sozialhilfe \u2013 und was muss getan werden, damit dies in zuk\u00fcnftigen Krisen anders ist? Die Schlusspublikation des SKMR beantwortet diese und viele weitere Fragen zu vierzehn ausgew\u00e4hlten Menschenrechtsthemen. Der Fokus liegt dabei auf dem Schutz von vulnerablen Gruppen, der Rolle der Menschenrechte in der Coronakrise, der Verantwortung von Unternehmen und dem Verh\u00e4ltnis zwischen Demokratie, Rechtsstaat und Menschenrechten.&#8221;<\/p>\n<p>&#8220;Les initiatives populaires portant atteintes aux droits humains doivent-elles \u00eatre d\u00e9clar\u00e9es nulles ? Faut-il instaurer un devoir de diligence en mati\u00e8re de droits humains pour les entreprises suisses ? Comment les femmes du domaine de l\u2019asile victimes de violence peuvent-elles \u00eatre mieux soutenues ? Pourquoi, pendant la pand\u00e9mie de coronavirus, tant de personnes ont-elles renonc\u00e9 \u00e0 recourir \u00e0 l\u2019aide sociale \u2013 alors qu\u2019elles y auraient eu droit \u2013 et que faire pour que cela se passe diff\u00e9remment lors d\u2019une \u00e9ventuelle prochaine crise ? Voici quelques-unes des questions auxquelles r\u00e9pond la publication finale du CSDH. Quatorze th\u00e9matiques relatives aux droits humains sont au centre de cet ouvrage : une attention particuli\u00e8re est port\u00e9e \u00e0 la protection des groupes vuln\u00e9rables, au r\u00f4le des droits humains pendant la crise du coronavirus, \u00e0 la responsabilit\u00e9 des entreprises ainsi qu\u2019\u00e0 la relation entre d\u00e9mocratie, \u00c9tat de droit et droits humains.&#8221;<\/p>\n<\/div>\n<\/blockquote>","protected":false},"excerpt":{"rendered":"<p>Author(s) : Schweizerisches Kompetenzzentrum f\u00fcr Menschenrechte (SKMR) \/ Centre suisse&#8230;<\/p>\n","protected":false},"author":4,"featured_media":0,"comment_status":"open","ping_status":"open","sticky":false,"template":"","format":"standard","meta":{"_kadence_starter_templates_imported_post":false,"_kad_post_transparent":"","_kad_post_title":"","_kad_post_layout":"","_kad_post_sidebar_id":"","_kad_post_content_style":"","_kad_post_vertical_padding":"","_kad_post_feature":"","_kad_post_feature_position":"","_kad_post_header":false,"_kad_post_footer":false,"_kad_post_classname":"","jetpack_post_was_ever_published":false,"_jetpack_newsletter_access":"","_jetpack_dont_email_post_to_subs":false,"_jetpack_newsletter_tier_id":0,"_jetpack_memberships_contains_paywalled_content":false,"_jetpack_memberships_contains_paid_content":false,"footnotes":""},"categories":[53],"tags":[722,575,252,240,52,73,128,271,19,122,94,295,249,340,144],"class_list":["post-35184","post","type-post","status-publish","format-standard","hentry","category-law","tag-722","tag-civil-society","tag-democracy","tag-employment","tag-french-language","tag-german-language","tag-human-rights","tag-human-rights-violations","tag-labour-market","tag-migrants","tag-political-system","tag-prevention","tag-report","tag-social-support","tag-vulnerability"],"jetpack_featured_media_url":"","jetpack_sharing_enabled":true,"_links":{"self":[{"href":"https:\/\/swissmig.unine.ch\/index.php?rest_route=\/wp\/v2\/posts\/35184","targetHints":{"allow":["GET"]}}],"collection":[{"href":"https:\/\/swissmig.unine.ch\/index.php?rest_route=\/wp\/v2\/posts"}],"about":[{"href":"https:\/\/swissmig.unine.ch\/index.php?rest_route=\/wp\/v2\/types\/post"}],"author":[{"embeddable":true,"href":"https:\/\/swissmig.unine.ch\/index.php?rest_route=\/wp\/v2\/users\/4"}],"replies":[{"embeddable":true,"href":"https:\/\/swissmig.unine.ch\/index.php?rest_route=%2Fwp%2Fv2%2Fcomments&post=35184"}],"version-history":[{"count":0,"href":"https:\/\/swissmig.unine.ch\/index.php?rest_route=\/wp\/v2\/posts\/35184\/revisions"}],"wp:attachment":[{"href":"https:\/\/swissmig.unine.ch\/index.php?rest_route=%2Fwp%2Fv2%2Fmedia&parent=35184"}],"wp:term":[{"taxonomy":"category","embeddable":true,"href":"https:\/\/swissmig.unine.ch\/index.php?rest_route=%2Fwp%2Fv2%2Fcategories&post=35184"},{"taxonomy":"post_tag","embeddable":true,"href":"https:\/\/swissmig.unine.ch\/index.php?rest_route=%2Fwp%2Fv2%2Ftags&post=35184"}],"curies":[{"name":"wp","href":"https:\/\/api.w.org\/{rel}","templated":true}]}}