{"id":35152,"date":"2023-02-06T08:00:00","date_gmt":"2023-02-06T07:00:00","guid":{"rendered":"https:\/\/swissmig.wordpress.com\/?p=35152"},"modified":"2023-02-06T08:00:00","modified_gmt":"2023-02-06T07:00:00","slug":"tangram-46-le-racisme-structurel-struktureller-rassismus-razzismo-strutturale","status":"publish","type":"post","link":"https:\/\/swissmig.unine.ch\/?p=35152","title":{"rendered":"TANGRAM 46 : Le racisme structurel \/ Struktureller Rassismus \/ Razzismo strutturale"},"content":{"rendered":"<h3>Author(s) : voir abstract<\/h3>\n<h3>Source : <a href=\"https:\/\/www.ekr.admin.ch\/pdf\/TANGRAM_46.pdf\" target=\"_blank\" rel=\"noopener\">https:\/\/www.ekr.admin.ch\/pdf\/TANGRAM_46.pdf<\/a><\/h3>\n<p><strong>Abstract: <\/strong><!--more--><\/p>\n<blockquote><p>La notion de racisme structurel est aujourd\u2019hui privil\u00e9gi\u00e9e pour d\u00e9crire les m\u00e9canismes \u00e0 l\u2019\u0153uvre dans la reproduction d\u2019in\u00e9galit\u00e9s. Comment comprendre cette d\u00e9nomination ? Comment se la repr\u00e9senter\u2009? Dans quels domaines de la vie quotidienne s\u2019exprime le racisme structurel ? Quelles en sont les cons\u00e9quences pour les personnes concern\u00e9es et pour la soci\u00e9t\u00e9 dans son ensemble ?<\/p>\n<p>Der Begriff \u00ab struktureller Rassismus \u00bb wird heute vorzugsweise gebraucht, um die Mechanismen zu beschreiben, die bei der Reproduktion von Ungleichheiten am Werk sind. Aber wie ist der Begriff genau zu verstehen? Was soll man sich darunter vorstellen? In welchen Bereichen des Alltags kommt struktureller Rassismus zum Ausdruck? Welche Konsequenzen hat er f\u00fcr die Betroffenen und die ganze Gesellschaft?<\/p>\n<p>Per descrivere i meccanismi che entrano in gioco nella riproduzione delle disparit\u00e0 si ricorre attualmente alla nozione di razzismo strutturale. Come comprendere questa definizione? Che cosa bisogna immaginarsi? In quali ambiti della vita quotidiana si manifesta il razzismo strutturale? Quali ne sono le conseguenze per le persone direttamente toccate e per la societ\u00e0 nel suo complesso?<\/p>\n<hr \/>\n<h5><a href=\"https:\/\/www.ekr.admin.ch\/f861.html\">\u00c9ditorial<\/a>\u00a0Brunschwig Graf, Martine<\/h5>\n<h5><a href=\"https:\/\/www.ekr.admin.ch\/f862.html\">Le racisme structurel : une tentative d\u2019approche<\/a> Helfer, Marianne, Stampfli, Alain<\/h5>\n<h5><a href=\"https:\/\/www.ekr.admin.ch\/f863.html\">\u00abLe racisme est structurel en soi\u00bb<\/a> Efionayi-Maeder, Denise<\/h5>\n<h5><a href=\"https:\/\/www.ekr.admin.ch\/f864.html\">\u00abLe droit peut mobiliser la soci\u00e9t\u00e9\u00bb<\/a>\u00a0Naguib, Tarek<\/h5>\n<h5><a href=\"https:\/\/www.ekr.admin.ch\/f865.html\">Racistes \u00e0 notre insu<\/a>\u00a0Bublitz, Jan Christoph<\/h5>\n<h5><a href=\"https:\/\/www.ekr.admin.ch\/f866.html\">Am\u00e9liorer la visibilit\u00e9 du racisme structurel<\/a>\u00a0Vega, Gina<\/h5>\n<h5><a href=\"https:\/\/www.ekr.admin.ch\/f867.html\">Discriminations structurelles : \u00e9tat des lieux syndical<\/a>\u00a0Saulnier Bloch, Marie, Gashi, Hilmi<\/h5>\n<h5><a href=\"https:\/\/www.ekr.admin.ch\/f868.html\">Portails de recherche d\u2019emploi en ligne : les donn\u00e9es r\u00e9v\u00e8lent des discriminations dans les proc\u00e9dures de recrutement <\/a><\/h5>\n<h5><a href=\"https:\/\/www.ekr.admin.ch\/f869.html\">Les institutions sociales discriminent-elles les personnes hautement qualifi\u00e9es originaires des pays tiers ?<\/a> Fibbi, Rosita<\/h5>\n<h5><a href=\"https:\/\/www.ekr.admin.ch\/f870.html\">La lutte contre l\u2019exclusion passe par l\u2019int\u00e9gration professionnelle et la formation professionnelle<\/a>\u00a0Kl\u00e4y, Dieter, Horber, Ruedi<\/h5>\n<h5><a href=\"https:\/\/www.ekr.admin.ch\/f871.html\">La solvabilit\u00e9 est le crit\u00e8re pour la location d\u2019un logement <\/a>\u00a0Dovat, Fr\u00e9d\u00e9ric<\/h5>\n<h5><a href=\"https:\/\/www.ekr.admin.ch\/f872.html\">Exemple de racisme structurel : discrimination sur le march\u00e9 du logement<\/a> Auer, Daniel, Lacroix, Julie, Ruedin, Didier, Zschirnt, Eva<\/h5>\n<h5><a href=\"https:\/\/www.ekr.admin.ch\/f873.html\">La discrimination structurelle dans le syst\u00e8me \u00e9ducatif<\/a> Kappus, Elke-Nicole<\/h5>\n<h5><a href=\"https:\/\/www.ekr.admin.ch\/f874.html\">\u00abCertaines repr\u00e9sentations et formes de narration se perp\u00e9tuent\u00bb<\/a> Affolter, Simon, Sperisen, Vera<\/h5>\n<h5><a href=\"https:\/\/www.ekr.admin.ch\/f875.html\">Le racisme syst\u00e9mique au c\u0153ur des r\u00e9flexions de la Police cantonale fribourgeoise<\/a>\u00a0Allain, Philippe<\/h5>\n<h5><a href=\"https:\/\/www.ekr.admin.ch\/f876.html\">Discrimination et m\u00e9dias : un aper\u00e7u des enjeux syst\u00e9miques<\/a>\u00a0Dubied, Annik, Robotham, Andrew<\/h5>\n<h5><a href=\"https:\/\/www.ekr.admin.ch\/f877.html\">\u00c0 l\u2019intersection du sexisme et du racisme, un ph\u00e9nom\u00e8ne complexe<\/a> Mastour, Meriam<\/h5>\n<h5><a href=\"https:\/\/www.ekr.admin.ch\/f878.html\">C\u2019est le besoin de protection qui compte, pas l\u2019origine ou la mani\u00e8re dont on est entr\u00e9 en Suisse<\/a>\u00a0Meier, Peter<\/h5>\n<h5><a href=\"https:\/\/www.ekr.admin.ch\/f880.html\">Comprendre et combattre le racisme structurel : un d\u00e9fi majeur<\/a>\u00a0Gianni, Matteo<\/h5>\n<h5><a href=\"https:\/\/www.ekr.admin.ch\/f881.html\">Aborder le racisme structurel sous l\u2019angle syst\u00e9mique<\/a> Refaeil, Nora<\/h5>\n<h5><a href=\"https:\/\/www.ekr.admin.ch\/f882.html\">Rendre l\u2019invisible visible par le th\u00e9\u00e2tre<\/a> Iten, Kathrin<\/h5>\n<h5><a href=\"https:\/\/www.ekr.admin.ch\/f883.html\">\u00ab Sans antiracisme, pas d\u2019\u00e9galit\u00e9 \u00bb<\/a> Mara\u00f1\u00f3n, Itziar<\/h5>\n<hr \/>\n<h5><a href=\"https:\/\/www.ekr.admin.ch\/d861.html\">Editorial<\/a> Brunschwig Graf, Martine<\/h5>\n<h5><a href=\"https:\/\/www.ekr.admin.ch\/d862.html\">Struktureller Rassismus: ein Ann\u00e4herungsversuch<\/a> Helfer, Marianne, Stampfli, Alain<\/h5>\n<h5><a href=\"https:\/\/www.ekr.admin.ch\/d863.html\">\u00abRassismus an sich ist strukturell\u00bb<\/a> Efionayi-Maeder, Denise<\/h5>\n<h5><a href=\"https:\/\/www.ekr.admin.ch\/d864.html\">\u00abDas Recht kann die Gesellschaft mobilisieren\u00bb<\/a> Naguib, Tarek<\/h5>\n<h5><a href=\"https:\/\/www.ekr.admin.ch\/d865.html\">Der Rassismus im eigenen Denken<\/a> Bublitz, Jan Christoph<\/h5>\n<h5><a href=\"https:\/\/www.ekr.admin.ch\/d866.html\">Strukturellen Rassismus sichtbar machen<\/a> Vega, Gina<\/h5>\n<h5><a href=\"https:\/\/www.ekr.admin.ch\/d867.html\">Strukturelle Diskriminierung: eine Bestandesaufnahme aus gewerkschaftlicher Sicht<\/a>\u00a0Saulnier Bloch, Marie<br \/>\nGashi, Hilmi<\/h5>\n<h5><a href=\"https:\/\/www.ekr.admin.ch\/d868.html\">Arbeitsmarktplattformen: Daten belegen Diskriminierung im Bewerbungsprozess<\/a><\/h5>\n<h5><a href=\"https:\/\/www.ekr.admin.ch\/d869.html\">Werden hochqualifizierte Personen aus Drittstaaten von sozialen Institutionen diskriminiert?<\/a> Fibbi, Rosita<\/h5>\n<h5><a href=\"https:\/\/www.ekr.admin.ch\/d870.html\">Arbeitsmarktintegration und Berufsbildung gegen Ausgrenzung<\/a> Kl\u00e4y, Dieter<br \/>\nHorber, Ruedi<\/h5>\n<h5><a href=\"https:\/\/www.ekr.admin.ch\/d871.html\">Bei der Wohnungsvergabe ist die Solvenz entscheidend<\/a> Dovat, Fr\u00e9d\u00e9ric<\/h5>\n<h5><a href=\"https:\/\/www.ekr.admin.ch\/d872.html\">Diskriminierung im Wohnungsmarkt als struktureller Rassismus<\/a> Auer, Daniel, Lacroix, Julie, Ruedin, Didier, Zschirnt, Eva<\/h5>\n<h5><a href=\"https:\/\/www.ekr.admin.ch\/d873.html\">Strukturelle Diskriminierung im Bildungssystem<\/a>\u00a0Kappus, Elke-Nicole<\/h5>\n<h5><a href=\"https:\/\/www.ekr.admin.ch\/d874.html\">\u00abTief verankerte Narrative wiederholen sich bis heute\u00bb<\/a> Affolter, Simon, Sperisen, Vera<\/h5>\n<h5><a href=\"https:\/\/www.ekr.admin.ch\/d875.html\">Die Freiburger Kantonspolizei bek\u00e4mpft strukturellen Rassismus aktiv<\/a>\u00a0Allain, Philippe<\/h5>\n<h5><a href=\"https:\/\/www.ekr.admin.ch\/d876.html\">Diskriminierung und Medien: ein \u00dcberblick \u00fcber die systemischen Herausforderungen<\/a> Dubied, Annik, Robotham, Andrew<\/h5>\n<h5><a href=\"https:\/\/www.ekr.admin.ch\/d877.html\">Ein komplexes Ph\u00e4nomen in der Schnittmenge von Sexismus und Rassismus<\/a> Mastour, Meriam<\/h5>\n<h5><a href=\"https:\/\/www.ekr.admin.ch\/d878.html\">Der Schutzbedarf ist entscheidend \u2013 nicht Ankunft und Herkunft!<\/a>\u00a0Meier, Peter<\/h5>\n<h5><a href=\"https:\/\/www.ekr.admin.ch\/d880.html\">Strukturellen Rassismus verstehen und bek\u00e4mpfen \u2013 eine epochale Herausforderung <\/a>\u00a0Gianni, Matteo<\/h5>\n<h5><a href=\"https:\/\/www.ekr.admin.ch\/d881.html\">Strukturellen Rassismus systemisch angehen<\/a> Refaeil, Nora<\/h5>\n<h5><a href=\"https:\/\/www.ekr.admin.ch\/d882.html\">Unsichtbares durch Theater sichtbar machen<\/a>\u00a0Iten, Kathrin<\/h5>\n<h5><a href=\"https:\/\/www.ekr.admin.ch\/d883.html\">\u00abOhne Antirassismus gibt es keine gerechte Gesellschaft\u00bb<\/a>\u00a0Mara\u00f1\u00f3n, Itziar<\/h5>\n<hr \/>\n<h5><a href=\"https:\/\/www.ekr.admin.ch\/i861.html\">Editoriale<\/a> Brunschwig Graf, Martine<\/h5>\n<h5><a href=\"https:\/\/www.ekr.admin.ch\/i862.html\">Il razzismo strutturale: un tentativo di approccio<\/a> Helfer, Marianne, Stampfli, Alain<\/h5>\n<h5><a href=\"https:\/\/www.ekr.admin.ch\/i863.html\">\u00abIl razzismo \u00e8 di per s\u00e9 strutturale\u00bb<\/a> Efionayi-Maeder, Denise<\/h5>\n<h5><a href=\"https:\/\/www.ekr.admin.ch\/i864.html\">\u00abIl diritto pu\u00f2 mobilitare la societ\u00e0\u00bb<\/a> Naguib, Tarek<\/h5>\n<h5><a href=\"https:\/\/www.ekr.admin.ch\/i865.html\">Il razzismo \u00e8 nella nostra testa<\/a> Bublitz, Jan Christoph<\/h5>\n<h5><a href=\"https:\/\/www.ekr.admin.ch\/i866.html\">Rendere visibile il razzismo strutturale<\/a> Vega, Gina<\/h5>\n<h5><a href=\"https:\/\/www.ekr.admin.ch\/i867.html\">Discriminazioni strutturali: un\u2019analisi della situazione dal punto di vista dei sindacati<\/a> Saulnier Bloch, Marie, Gashi, Hilmi<\/h5>\n<h5><a href=\"https:\/\/www.ekr.admin.ch\/i868.html\">Piattaforme online: i dati rivelano discriminazioni nei processi di assunzione<\/a><\/h5>\n<h5><a href=\"https:\/\/www.ekr.admin.ch\/i869.html\">Le istituzioni sociali discriminano le persone altamente qualificate originarie dei Paesi terzi?<\/a> Fibbi, Rosita<\/h5>\n<h5><a href=\"https:\/\/www.ekr.admin.ch\/i870.html\">Combattere l\u2019esclusione mediante l\u2019integrazione nel mercato del lavoro e la formazione professionale<\/a> Kl\u00e4y, Dieter, Horber, Ruedi<\/h5>\n<h5><a href=\"https:\/\/www.ekr.admin.ch\/i871.html\">La solvibilit\u00e0 come unico criterio per la locazione di un alloggio<\/a> Dovat, Fr\u00e9d\u00e9ric<\/h5>\n<h5><a href=\"https:\/\/www.ekr.admin.ch\/i872.html\">Discriminazione sul mercato degli alloggi: una forma di razzismo strutturale<\/a> Auer, Daniel, Lacroix, Julie, Ruedin, Didier, Zschirnt, Eva<\/h5>\n<h5><a href=\"https:\/\/www.ekr.admin.ch\/i873.html\">Discriminazione strutturale nel sistema formativo<\/a> Kappus, Elke-Nicole<\/h5>\n<h5><a href=\"https:\/\/www.ekr.admin.ch\/i874.html\">\u00abNarrazioni profondamente radicate si ripetono fino a oggi\u00bb<\/a> Affolter, Simon, Sperisen, Vera<\/h5>\n<h5><a href=\"https:\/\/www.ekr.admin.ch\/i875.html\">Il razzismo sistemico al centro delle riflessioni della Polizia cantonale friburghese<\/a> Allain, Philippe<\/h5>\n<h5><a href=\"https:\/\/www.ekr.admin.ch\/i876.html\">Discriminazione e media: rischi sistemici<\/a> Dubied, Annik, Robotham, Andrew<\/h5>\n<h5><a href=\"https:\/\/www.ekr.admin.ch\/i877.html\">All\u2019intersezione tra sessismo e razzismo: un fenomeno complesso<\/a> Mastour, Meriam<\/h5>\n<h5><a href=\"https:\/\/www.ekr.admin.ch\/i878.html\">Il fattore determinante \u00e8 il bisogno di protezione, non le circostanze del loro arrivo e l\u2019origine!<\/a> Meier, Peter<\/h5>\n<h5><a href=\"https:\/\/www.ekr.admin.ch\/i880.html\">Capire e combattere il razzismo strutturale, una sfida epocale<\/a> Gianni, Matteo<\/h5>\n<h5><a href=\"https:\/\/www.ekr.admin.ch\/i881.html\">Affrontare il razzismo strutturale dal punto di vista sistemico <\/a>Refaeil, Nora<\/h5>\n<h5><a href=\"https:\/\/www.ekr.admin.ch\/i882.html\">Rendere visibile l\u2019invisibile attraverso il teatro<\/a> Iten, Kathrin<\/h5>\n<h5><a href=\"https:\/\/www.ekr.admin.ch\/i883.html\">\u00abSenza antirazzismo non c\u2019\u00e8 societ\u00e0 giusta\u00bb<\/a> Mara\u00f1\u00f3n, Itziar<\/h5>\n<\/blockquote>\n","protected":false},"excerpt":{"rendered":"<p>Author(s) : voir abstract Source : https:\/\/www.ekr.admin.ch\/pdf\/TANGRAM_46.pdf Abstract:<\/p>\n","protected":false},"author":4,"featured_media":0,"comment_status":"open","ping_status":"open","sticky":false,"template":"","format":"standard","meta":{"_kadence_starter_templates_imported_post":false,"_kad_post_transparent":"","_kad_post_title":"","_kad_post_layout":"","_kad_post_sidebar_id":"","_kad_post_content_style":"","_kad_post_vertical_padding":"","_kad_post_feature":"","_kad_post_feature_position":"","_kad_post_header":false,"_kad_post_footer":false,"_kad_post_classname":"","jetpack_post_was_ever_published":false,"_jetpack_newsletter_access":"","_jetpack_dont_email_post_to_subs":false,"_jetpack_newsletter_tier_id":0,"_jetpack_memberships_contains_paywalled_content":false,"_jetpack_memberships_contains_paid_content":false,"footnotes":""},"categories":[24],"tags":[722,562,274,79,82,52,73,461,115,334,47,257],"class_list":["post-35152","post","type-post","status-publish","format-standard","hentry","category-society-family-racism","tag-722","tag-book","tag-educational-inequality","tag-equal-opportunities","tag-ethnic-discrimination","tag-french-language","tag-german-language","tag-italian-language","tag-mass-media","tag-racism","tag-social-inequalities","tag-stereotypes"],"jetpack_featured_media_url":"","jetpack_sharing_enabled":true,"_links":{"self":[{"href":"https:\/\/swissmig.unine.ch\/index.php?rest_route=\/wp\/v2\/posts\/35152","targetHints":{"allow":["GET"]}}],"collection":[{"href":"https:\/\/swissmig.unine.ch\/index.php?rest_route=\/wp\/v2\/posts"}],"about":[{"href":"https:\/\/swissmig.unine.ch\/index.php?rest_route=\/wp\/v2\/types\/post"}],"author":[{"embeddable":true,"href":"https:\/\/swissmig.unine.ch\/index.php?rest_route=\/wp\/v2\/users\/4"}],"replies":[{"embeddable":true,"href":"https:\/\/swissmig.unine.ch\/index.php?rest_route=%2Fwp%2Fv2%2Fcomments&post=35152"}],"version-history":[{"count":0,"href":"https:\/\/swissmig.unine.ch\/index.php?rest_route=\/wp\/v2\/posts\/35152\/revisions"}],"wp:attachment":[{"href":"https:\/\/swissmig.unine.ch\/index.php?rest_route=%2Fwp%2Fv2%2Fmedia&parent=35152"}],"wp:term":[{"taxonomy":"category","embeddable":true,"href":"https:\/\/swissmig.unine.ch\/index.php?rest_route=%2Fwp%2Fv2%2Fcategories&post=35152"},{"taxonomy":"post_tag","embeddable":true,"href":"https:\/\/swissmig.unine.ch\/index.php?rest_route=%2Fwp%2Fv2%2Ftags&post=35152"}],"curies":[{"name":"wp","href":"https:\/\/api.w.org\/{rel}","templated":true}]}}