{"id":35147,"date":"2023-02-06T08:00:00","date_gmt":"2023-02-06T07:00:00","guid":{"rendered":"https:\/\/swissmig.wordpress.com\/?p=35147"},"modified":"2023-02-06T08:00:00","modified_gmt":"2023-02-06T07:00:00","slug":"etude-qualitative-du-parcours-de-production-dun-sujet-journalistique-potentiellement-discriminant-studie-zu-den-produktionswegen-von-potenziell-diskriminierenden-journalistischen-themen-s","status":"publish","type":"post","link":"https:\/\/swissmig.unine.ch\/?p=35147","title":{"rendered":"Parcours de production de sujets journalistiques potentiellement discriminants : \u00e9l\u00e9ments syst\u00e9miques des \u00e9cosyst\u00e8mes m\u00e9diatiques \/ Produktionswege von potenziell diskriminierenden journalistischen Themen : systemische Elemente der Medien\u00f6kosysteme \/ Percorsi di produzione di contenuti giornalistici potenzialmente discriminatori\u00a0: elementi sistemici degli ecosistemi mediatici"},"content":{"rendered":"<h3>Author(s) : Andrew Robotham, Annik Dubied<\/h3>\n<h3>Source : <a href=\"https:\/\/www.ekr.admin.ch\/publications\/f107\/1373.html\" target=\"_blank\" rel=\"noopener\">https:\/\/www.ekr.admin.ch\/publications\/f107\/1373.html<\/a><\/h3>\n<p><strong>Abstract: <\/strong><!--more--><\/p>\n<blockquote><p>La CFR a mandat\u00e9 l\u2019Acad\u00e9mie du journalisme et des m\u00e9dias de l\u2019Universit\u00e9 de Neuch\u00e2tel pour r\u00e9aliser une recherche dont l\u2019objectif est de mieux comprendre comment un syst\u00e8me de production m\u00e9diatique, dans son ensemble, peut donner lieu \u00e0 des productions aux effets potentiellement discriminatoires.<\/p>\n<p>Cette recherche s\u2019est appuy\u00e9e sur trois \u00e9tudes d\u00e9taill\u00e9es d\u2019articles comportant un enjeu en termes de discrimination\u2009; elle a impliqu\u00e9 une analyse de l\u2019article lui-m\u00eame (analyse des discours), ainsi que des \u00e9changes approfondis sur le sujet (entretiens de recherche) avec les auteurs des articles et d\u2019autres journalistes\/membres de la r\u00e9daction concern\u00e9s. Ces \u00e9changes ont permis de retracer les \u00e9tapes cl\u00e9s de la production d\u2019informations d\u2019actualit\u00e9 pouvant \u00eatre qualifi\u00e9es de sensibles du point de vue de la discrimination et d\u2019identifier les pratiques professionnelles et logiques qui op\u00e8rent. Les productions journalistiques identifi\u00e9es ne constituaient pas des cas extr\u00eames, mais bien des exemples typiques de productions qui, dans leur ensemble et de mani\u00e8re r\u00e9p\u00e9t\u00e9e, peuvent contribuer \u00e0 (re)produire des st\u00e9r\u00e9otypes et pr\u00e9jug\u00e9s n\u00e9gatifs. Leur analyse a permis de r\u00e9pondre \u00e0 la question centrale du mandat de recherche\u2009: dans la production d\u2019informations d\u2019actualit\u00e9, quels aspects syst\u00e9miques de la production participent \u00e0 la (re) production de textes m\u00e9diatiques aux effets potentiellement discriminatoires\u2009?<\/p>\n<p>Les divers aspects identifi\u00e9s dans ce rapport vont permettre \u00e0 la CFR d\u2019entreprendre des d\u00e9marches de pr\u00e9vention dans le domaine des m\u00e9dias.<\/p>\n<p>&#8212;&#8212;&#8212;&#8212;-<\/p>\n<p>Die EKR beauftragte die Acad\u00e9mie du journalisme et des m\u00e9dias (AJM) der Universit\u00e4t Neuenburg mit der Durchf\u00fchrung einer Studie mit dem Ziel, besser zu verstehen, wie ein Medienproduktionssystem als Ganzes zu Produktionen mit potenziell diskriminierenden Auswirkungen f\u00fchren kann.<\/p>\n<p>Diese Studie st\u00fctzt sich auf detaillierte Untersuchungen von drei Artikeln mit diskriminierenden Auswirkungen. Sie umfasst die Analyse der Artikel selbst (Diskursanalyse) und vertiefte Gespr\u00e4che (Forschungsinterviews) mit den Autorinnen bzw. Autoren der Artikel, weiteren Journalistinnen und Journalisten sowie Mitgliedern der Redaktion, die f\u00fcr den Artikel zust\u00e4ndig war. Dieser Austausch erm\u00f6glichte es, die wichtigsten Schritte bei der Produktion von Nachrichten, die als diskriminierungssensibel bezeichnet werden k\u00f6nnen, nachzuvollziehen und die dabei wirksamen Berufspraktiken und -logiken zu identifizieren. Bei den journalistischen Produktionen handelt es sich nicht um Extrembeispiele, sondern um typische Beispiele von Produktionen, die in ihrer Gesamtheit und wiederholt zur (Re-)Produktion von negativen Stereotypen und Vorurteilen beitragen k\u00f6nnen. Die Analyse dieser Beispiele hat es erm\u00f6glicht, auf die Hauptfrage, die im Rahmen dieses Berichts gestellt wurde, zu antworten: Welche produktionssystemischen Aspekte sind bei der Produktion von Nachrichten an der (Re-)Produktion von Medientexten mit potenziell diskriminierenden Auswirkungen beteiligt?<\/p>\n<p>Die identifizierten Aspekte werden es der EKR erm\u00f6glichen, konkrete Schritte der Pr\u00e4vention im Bereich der Medien zu unternehmen.<\/p>\n<p>&#8212;&#8212;&#8212;&#8211;<\/p>\n<p>La CFR ha commissionato all\u2019Accademia di giornalismo e media (Acad\u00e9mie de journalisme et des m\u00e9dias) dell\u2019Universit\u00e0 di Neuch\u00e2tel una ricerca per capire meglio come un sistema mediatico nel suo insieme possa produrre contenuti dagli effetti potenzialmente discriminatori.<\/p>\n<p>La ricerca si basa su tre studi dettagliati di articoli contenenti elementi suscettibili di essere discriminatori e comprende un\u2019analisi degli articoli stessi (analisi del discorso) e discussioni approfondite sul tema, sotto forma di interviste agli autori degli articoli e ad altri giornalisti e membri interessati delle redazioni. Le interviste hanno consentito di identificare le fasi chiave della produzione di informazioni d\u2019attualit\u00e0 che possono essere considerate sensibili dal punto di vista della discriminazione e di individuare le pratiche e logiche professionali applicate. I contenuti giornalistici analizzati non costituivano casi estremi, bens\u00ec esempi tipici di contenuti che, se pubblicati ripetutamente e presi nel loro insieme, possono contribuire a (ri)produrre stereotipi e pregiudizi negativi. La loro analisi ha consentito di rispondere alla domanda principale della ricerca: nella produzione di informazioni d\u2019attualit\u00e0 quali aspetti sistemici contribuiscono a (ri)produrre testi mediatici dagli effetti potenzialmente discriminatori?<\/p>\n<p>I vari elementi messi in rilievo nel rapporto permetteranno alla CFR di intraprendere attivit\u00e0 di prevenzione nel settore dei media.<\/p><\/blockquote>\n","protected":false},"excerpt":{"rendered":"<p>Author(s) : Andrew Robotham, Annik Dubied Source : https:\/\/www.ekr.admin.ch\/publications\/f107\/1373.html Abstract:<\/p>\n","protected":false},"author":4,"featured_media":0,"comment_status":"open","ping_status":"open","sticky":false,"template":"","format":"standard","meta":{"_kadence_starter_templates_imported_post":false,"_kad_post_transparent":"","_kad_post_title":"","_kad_post_layout":"","_kad_post_sidebar_id":"","_kad_post_content_style":"","_kad_post_vertical_padding":"","_kad_post_feature":"","_kad_post_feature_position":"","_kad_post_header":false,"_kad_post_footer":false,"_kad_post_classname":"","jetpack_post_was_ever_published":false,"_jetpack_newsletter_access":"","_jetpack_dont_email_post_to_subs":false,"_jetpack_newsletter_tier_id":0,"_jetpack_memberships_contains_paywalled_content":false,"_jetpack_memberships_contains_paid_content":false,"footnotes":""},"categories":[24],"tags":[722,37,152,146,82,52,73,461,115,334,249,257],"class_list":["post-35147","post","type-post","status-publish","format-standard","hentry","category-society-family-racism","tag-722","tag-attitudes-towards-migrants","tag-discourse","tag-discrimination","tag-ethnic-discrimination","tag-french-language","tag-german-language","tag-italian-language","tag-mass-media","tag-racism","tag-report","tag-stereotypes"],"jetpack_featured_media_url":"","jetpack_sharing_enabled":true,"_links":{"self":[{"href":"https:\/\/swissmig.unine.ch\/index.php?rest_route=\/wp\/v2\/posts\/35147","targetHints":{"allow":["GET"]}}],"collection":[{"href":"https:\/\/swissmig.unine.ch\/index.php?rest_route=\/wp\/v2\/posts"}],"about":[{"href":"https:\/\/swissmig.unine.ch\/index.php?rest_route=\/wp\/v2\/types\/post"}],"author":[{"embeddable":true,"href":"https:\/\/swissmig.unine.ch\/index.php?rest_route=\/wp\/v2\/users\/4"}],"replies":[{"embeddable":true,"href":"https:\/\/swissmig.unine.ch\/index.php?rest_route=%2Fwp%2Fv2%2Fcomments&post=35147"}],"version-history":[{"count":0,"href":"https:\/\/swissmig.unine.ch\/index.php?rest_route=\/wp\/v2\/posts\/35147\/revisions"}],"wp:attachment":[{"href":"https:\/\/swissmig.unine.ch\/index.php?rest_route=%2Fwp%2Fv2%2Fmedia&parent=35147"}],"wp:term":[{"taxonomy":"category","embeddable":true,"href":"https:\/\/swissmig.unine.ch\/index.php?rest_route=%2Fwp%2Fv2%2Fcategories&post=35147"},{"taxonomy":"post_tag","embeddable":true,"href":"https:\/\/swissmig.unine.ch\/index.php?rest_route=%2Fwp%2Fv2%2Ftags&post=35147"}],"curies":[{"name":"wp","href":"https:\/\/api.w.org\/{rel}","templated":true}]}}