{"id":35134,"date":"2023-01-23T08:00:00","date_gmt":"2023-01-23T07:00:00","guid":{"rendered":"https:\/\/swissmig.wordpress.com\/?p=35134"},"modified":"2023-01-23T08:00:00","modified_gmt":"2023-01-23T07:00:00","slug":"la-mobilite-educative-des-secondos-en-suisse","status":"publish","type":"post","link":"https:\/\/swissmig.unine.ch\/?p=35134","title":{"rendered":"La mobilit\u00e9 \u00e9ducative des Secondos en Suisse"},"content":{"rendered":"\n<p><\/p>\n\n\n<h3>Author(s) : Philippe Wanner<\/h3>\n<h3>Source : <a href=\"http:\/\/doi.org\/10.22019\/SC-2022-00003\" target=\"_blank\" rel=\"noopener\">http:\/\/doi.org\/10.22019\/SC-2022-00003<\/a><\/h3>\n<p><!--more--><\/p>\n<blockquote>\n<div class=\" sec\">\n<p>&#8220;Cet article analyse la mobilit\u00e9 interg\u00e9n\u00e9rationnelle des Secondos en Suisse en comparant le niveau de formation de parents issus de la migration avec celui de leurs enfants. A l\u2019aide de donn\u00e9es statistiques originales, il montre que les enfants de migrants b\u00e9n\u00e9ficient en moyenne d\u2019un niveau de formation sup\u00e9rieur \u00e0 celui de leurs parents. La mobilit\u00e9 interg\u00e9n\u00e9rationnelle existe pour les Secondos, et elle est beaucoup plus souvent ascendante que descendante. Cet accroissement du niveau de formation correspond \u00e0 ce qui s\u2019observe pour les enfants de parents natifs de la Suisse. Globalement, le fait d\u2019\u00eatre issu de la migration ne repr\u00e9sente donc pas un handicap en termes de mobilit\u00e9 ascendante. Cependant, au niveau des nationalit\u00e9s, l\u2019acc\u00e8s \u00e0 la formation tertiaire est beaucoup plus \u00e9lev\u00e9 pour les enfants originaires de l\u2019Allemagne, de la France, de l\u2019Espagne et du Portugal que pour les enfants de familles originaires des Balkans.&#8221;<\/p>\n<\/div>\n<\/blockquote>","protected":false},"excerpt":{"rendered":"<p>Author(s) : Philippe Wanner Source : http:\/\/doi.org\/10.22019\/SC-2022-00003<\/p>\n","protected":false},"author":4,"featured_media":0,"comment_status":"open","ping_status":"open","sticky":false,"template":"","format":"standard","meta":{"_kadence_starter_templates_imported_post":false,"_kad_post_transparent":"","_kad_post_title":"","_kad_post_layout":"","_kad_post_sidebar_id":"","_kad_post_content_style":"","_kad_post_vertical_padding":"","_kad_post_feature":"","_kad_post_feature_position":"","_kad_post_header":false,"_kad_post_footer":false,"_kad_post_classname":"","jetpack_post_was_ever_published":false,"_jetpack_newsletter_access":"","_jetpack_dont_email_post_to_subs":false,"_jetpack_newsletter_tier_id":0,"_jetpack_memberships_contains_paywalled_content":false,"_jetpack_memberships_contains_paid_content":false,"footnotes":""},"categories":[61],"tags":[722,407,7,318,57,92,120,497,52,80,280,110,145,143],"class_list":["post-35134","post","type-post","status-publish","format-standard","hentry","category-education","tag-722","tag-access-to-education","tag-article","tag-children","tag-comparative-analysis","tag-country-of-origin","tag-data-analysis","tag-education-mobility","tag-french-language","tag-higher-education","tag-immigration-background","tag-mobility","tag-second-generation","tag-statistical-data"],"jetpack_featured_media_url":"","jetpack_sharing_enabled":true,"_links":{"self":[{"href":"https:\/\/swissmig.unine.ch\/index.php?rest_route=\/wp\/v2\/posts\/35134","targetHints":{"allow":["GET"]}}],"collection":[{"href":"https:\/\/swissmig.unine.ch\/index.php?rest_route=\/wp\/v2\/posts"}],"about":[{"href":"https:\/\/swissmig.unine.ch\/index.php?rest_route=\/wp\/v2\/types\/post"}],"author":[{"embeddable":true,"href":"https:\/\/swissmig.unine.ch\/index.php?rest_route=\/wp\/v2\/users\/4"}],"replies":[{"embeddable":true,"href":"https:\/\/swissmig.unine.ch\/index.php?rest_route=%2Fwp%2Fv2%2Fcomments&post=35134"}],"version-history":[{"count":0,"href":"https:\/\/swissmig.unine.ch\/index.php?rest_route=\/wp\/v2\/posts\/35134\/revisions"}],"wp:attachment":[{"href":"https:\/\/swissmig.unine.ch\/index.php?rest_route=%2Fwp%2Fv2%2Fmedia&parent=35134"}],"wp:term":[{"taxonomy":"category","embeddable":true,"href":"https:\/\/swissmig.unine.ch\/index.php?rest_route=%2Fwp%2Fv2%2Fcategories&post=35134"},{"taxonomy":"post_tag","embeddable":true,"href":"https:\/\/swissmig.unine.ch\/index.php?rest_route=%2Fwp%2Fv2%2Ftags&post=35134"}],"curies":[{"name":"wp","href":"https:\/\/api.w.org\/{rel}","templated":true}]}}