{"id":35129,"date":"2023-01-23T08:00:00","date_gmt":"2023-01-23T07:00:00","guid":{"rendered":"https:\/\/swissmig.wordpress.com\/?p=35129"},"modified":"2023-01-23T08:00:00","modified_gmt":"2023-01-23T07:00:00","slug":"migration-et-detention-administrative-les-defis-pour-la-pratique-medicale-migration-and-administrative-detention-the-challenges-for-medical-practice","status":"publish","type":"post","link":"https:\/\/swissmig.unine.ch\/?p=35129","title":{"rendered":"Migration et d\u00e9tention administrative\u2009: les d\u00e9fis pour la pratique m\u00e9dicale \/ [Migration and administrative detention: the challenges for medical practice]"},"content":{"rendered":"\n<p><\/p>\n\n\n<h3>Author(s) : Anne-Claire Br\u00e9chet Bachmann, Hans Wolff<\/h3>\n<h3>Source : <a href=\"http:\/\/dx.doi.org\/10.53738\/REVMED.2022.18.789.1358\" target=\"_blank\" rel=\"noopener\">http:\/\/dx.doi.org\/10.53738\/REVMED.2022.18.789.1358<\/a><\/h3>\n<p><!--more--><\/p>\n<blockquote>\n<div class=\" sec\">\n<p>&#8220;La d\u00e9tention administrative, ou privation de libert\u00e9 des personnes migrantes, r\u00e9pond \u00e0 une d\u00e9cision de renvoi de la part des autorit\u00e9s des personnes ayant refus\u00e9 de partir volontairement. Elles sont incarc\u00e9r\u00e9es pour seul motif\u2009: leur s\u00e9jour ill\u00e9gal en Suisse. Elles sont souvent pr\u00e9caris\u00e9es et souffrent de maladies psychiques ou somatiques. Dans la majorit\u00e9 des cas, ces personnes ne souhaitent pas repartir dans leur pays et pr\u00e9sentent de nombreuses d\u00e9fenses psychologiques ou physiques pour s\u2019opposer \u00e0 la d\u00e9cision des autorit\u00e9s. Les r\u00e9cents changements l\u00e9gaux visant \u00e0 faciliter le renvoi sont probl\u00e9matiques du point de vue de la d\u00e9ontologie m\u00e9dicale. Le soignant se trouve donc face \u00e0 de nombreux d\u00e9fis pour accomplir les multiples missions de la m\u00e9decine en milieu p\u00e9nitentiaire en respectant les principes \u00e9thiques fondamentaux.&#8221;<\/p>\n<\/div>\n<\/blockquote>","protected":false},"excerpt":{"rendered":"<p>Author(s) : Anne-Claire Br\u00e9chet Bachmann, Hans Wolff Source : http:\/\/dx.doi.org\/10.53738\/REVMED.2022.18.789.1358<\/p>\n","protected":false},"author":4,"featured_media":0,"comment_status":"open","ping_status":"open","sticky":false,"template":"","format":"standard","meta":{"_kadence_starter_templates_imported_post":false,"_kad_post_transparent":"","_kad_post_title":"","_kad_post_layout":"","_kad_post_sidebar_id":"","_kad_post_content_style":"","_kad_post_vertical_padding":"","_kad_post_feature":"","_kad_post_feature_position":"","_kad_post_header":false,"_kad_post_footer":false,"_kad_post_classname":"","jetpack_post_was_ever_published":false,"_jetpack_newsletter_access":"","_jetpack_dont_email_post_to_subs":false,"_jetpack_newsletter_tier_id":0,"_jetpack_memberships_contains_paywalled_content":false,"_jetpack_memberships_contains_paid_content":false,"footnotes":""},"categories":[59],"tags":[722,50,269,583,328,52,157,329,303,395,185,445,339,103,144],"class_list":["post-35129","post","type-post","status-publish","format-standard","hentry","category-health","tag-722","tag-asylum-seekers","tag-detention","tag-ethics","tag-expulsion","tag-french-language","tag-health-care","tag-immigration-detention","tag-legal-aspects","tag-medicine","tag-mental-health","tag-prisons","tag-psychological-problems","tag-refugees","tag-vulnerability"],"jetpack_featured_media_url":"","jetpack_sharing_enabled":true,"_links":{"self":[{"href":"https:\/\/swissmig.unine.ch\/index.php?rest_route=\/wp\/v2\/posts\/35129","targetHints":{"allow":["GET"]}}],"collection":[{"href":"https:\/\/swissmig.unine.ch\/index.php?rest_route=\/wp\/v2\/posts"}],"about":[{"href":"https:\/\/swissmig.unine.ch\/index.php?rest_route=\/wp\/v2\/types\/post"}],"author":[{"embeddable":true,"href":"https:\/\/swissmig.unine.ch\/index.php?rest_route=\/wp\/v2\/users\/4"}],"replies":[{"embeddable":true,"href":"https:\/\/swissmig.unine.ch\/index.php?rest_route=%2Fwp%2Fv2%2Fcomments&post=35129"}],"version-history":[{"count":0,"href":"https:\/\/swissmig.unine.ch\/index.php?rest_route=\/wp\/v2\/posts\/35129\/revisions"}],"wp:attachment":[{"href":"https:\/\/swissmig.unine.ch\/index.php?rest_route=%2Fwp%2Fv2%2Fmedia&parent=35129"}],"wp:term":[{"taxonomy":"category","embeddable":true,"href":"https:\/\/swissmig.unine.ch\/index.php?rest_route=%2Fwp%2Fv2%2Fcategories&post=35129"},{"taxonomy":"post_tag","embeddable":true,"href":"https:\/\/swissmig.unine.ch\/index.php?rest_route=%2Fwp%2Fv2%2Ftags&post=35129"}],"curies":[{"name":"wp","href":"https:\/\/api.w.org\/{rel}","templated":true}]}}