{"id":35122,"date":"2023-01-16T08:00:00","date_gmt":"2023-01-16T07:00:00","guid":{"rendered":"https:\/\/swissmig.wordpress.com\/?p=35122"},"modified":"2023-01-16T08:00:00","modified_gmt":"2023-01-16T07:00:00","slug":"parcours-dintegration-professionnelle-de-personnes-refugiees-en-suisse-trajectoires-individuelles-conditions-salariales-et-recits-demployeurs","status":"publish","type":"post","link":"https:\/\/swissmig.unine.ch\/?p=35122","title":{"rendered":"Parcours d&#8217;int\u00e9gration professionnelle de personnes r\u00e9fugi\u00e9es en Suisse. Trajectoires individuelles, conditions salariales et r\u00e9cits d&#8217;employeurs"},"content":{"rendered":"\n<p><\/p>\n\n\n<h3>Author(s) : Anja Tamo-Gafner<\/h3>\n<h3>Source : <a href=\"https:\/\/archive-ouverte.unige.ch\/unige:164538\" target=\"_blank\" rel=\"noopener\">https:\/\/archive-ouverte.unige.ch\/unige:164538<\/a><\/h3>\n<p><!--more--><\/p>\n<blockquote>\n<div class=\" sec\">\n<p>&#8220;Cette th\u00e8se identifie les principales dimensions de l\u2019int\u00e9gration professionnelle des personnes r\u00e9fugi\u00e9es en Suisse et en d\u00e9gage les nuances et les contradictions, selon un double axe : l\u2019acc\u00e8s \u00e0 l\u2019emploi et les conditions d\u2019emploi. Une approche mixte est privil\u00e9gi\u00e9e. Les analyses statistiques mettent en \u00e9vidence le r\u00f4le que jouent diff\u00e9rents facteurs tels qu\u2019institutionnels sur l\u2019entr\u00e9e dans le march\u00e9 du travail, le type de trajectoire professionnel et le risque de bas salaire. La prise en compte du point de vue des employeurs au Tessin permet de contextualiser les enjeux, les conditions, les limites et les opportunit\u00e9s de l\u2019insertion professionnelle des personnes r\u00e9fugi\u00e9es.&#8221;<\/p>\n<p><strong>Mots-cl\u00e9s<\/strong> : Entreprise \u2014 R\u00e9fugi\u00e9 \u2014 Asile \u2014 Requ\u00e9rant d&#8217;asile \u2014 Admission provisoire \u2014 Employeur \u2014 Emploi \u2014 Int\u00e9gration \u2014 Insertion professionnelle \u2014 March\u00e9 du travail \u2014 Permis de s\u00e9jour \u2014 Activation \u2014 Politique d&#8217;asile \u2014 Institution \u2014 Conditions salariales \u2014 Trajectoire \u2014 M\u00e9thodes mixtes \u2014 Embauche \u2014 Participation au monde du travail \u2014 Travail social<\/p>\n<\/div>\n<\/blockquote>","protected":false},"excerpt":{"rendered":"<p>Author(s) : Anja Tamo-Gafner Source : https:\/\/archive-ouverte.unige.ch\/unige:164538<\/p>\n","protected":false},"author":4,"featured_media":0,"comment_status":"open","ping_status":"open","sticky":false,"template":"","format":"standard","meta":{"_kadence_starter_templates_imported_post":false,"_kad_post_transparent":"","_kad_post_title":"","_kad_post_layout":"","_kad_post_sidebar_id":"","_kad_post_content_style":"","_kad_post_vertical_padding":"","_kad_post_feature":"","_kad_post_feature_position":"","_kad_post_header":false,"_kad_post_footer":false,"_kad_post_classname":"","jetpack_post_was_ever_published":false,"_jetpack_newsletter_access":"","_jetpack_dont_email_post_to_subs":false,"_jetpack_newsletter_tier_id":0,"_jetpack_memberships_contains_paywalled_content":false,"_jetpack_memberships_contains_paid_content":false,"footnotes":""},"categories":[16],"tags":[722,362,49,50,120,589,176,551,446,52,387,19,103,383],"class_list":["post-35122","post","type-post","status-publish","format-standard","hentry","category-economics","tag-722","tag-access-to-employment","tag-asylum-policy","tag-asylum-seekers","tag-data-analysis","tag-doctoral-thesis","tag-economic-integration","tag-employer","tag-enterprises","tag-french-language","tag-integration-policy","tag-labour-market","tag-refugees","tag-wages"],"jetpack_featured_media_url":"","jetpack_sharing_enabled":true,"_links":{"self":[{"href":"https:\/\/swissmig.unine.ch\/index.php?rest_route=\/wp\/v2\/posts\/35122","targetHints":{"allow":["GET"]}}],"collection":[{"href":"https:\/\/swissmig.unine.ch\/index.php?rest_route=\/wp\/v2\/posts"}],"about":[{"href":"https:\/\/swissmig.unine.ch\/index.php?rest_route=\/wp\/v2\/types\/post"}],"author":[{"embeddable":true,"href":"https:\/\/swissmig.unine.ch\/index.php?rest_route=\/wp\/v2\/users\/4"}],"replies":[{"embeddable":true,"href":"https:\/\/swissmig.unine.ch\/index.php?rest_route=%2Fwp%2Fv2%2Fcomments&post=35122"}],"version-history":[{"count":0,"href":"https:\/\/swissmig.unine.ch\/index.php?rest_route=\/wp\/v2\/posts\/35122\/revisions"}],"wp:attachment":[{"href":"https:\/\/swissmig.unine.ch\/index.php?rest_route=%2Fwp%2Fv2%2Fmedia&parent=35122"}],"wp:term":[{"taxonomy":"category","embeddable":true,"href":"https:\/\/swissmig.unine.ch\/index.php?rest_route=%2Fwp%2Fv2%2Fcategories&post=35122"},{"taxonomy":"post_tag","embeddable":true,"href":"https:\/\/swissmig.unine.ch\/index.php?rest_route=%2Fwp%2Fv2%2Ftags&post=35122"}],"curies":[{"name":"wp","href":"https:\/\/api.w.org\/{rel}","templated":true}]}}