{"id":35099,"date":"2023-01-02T08:00:00","date_gmt":"2023-01-02T07:00:00","guid":{"rendered":"https:\/\/swissmig.wordpress.com\/?p=35099"},"modified":"2023-01-02T08:00:00","modified_gmt":"2023-01-02T07:00:00","slug":"racisme-structurel-en-suisse-un-etat-des-lieux-de-la-recherche-et-de-ses-resultats","status":"publish","type":"post","link":"https:\/\/swissmig.unine.ch\/?p=35099","title":{"rendered":"Racisme structurel en Suisse : un \u00e9tat des lieux de la recherche et de ses r\u00e9sultats"},"content":{"rendered":"\n<p><\/p>\n\n\n\n<p><\/p>\n\n\n\n<p><\/p>\n\n\n<h3>Author(s) : Leonie Mugglin, Denise Efionayi-M\u00e4der, Didier Ruedin, Gianni D&#8217;Amato<\/h3>\n<h3>Source : <a href=\"https:\/\/www.unine.ch\/sfm\/wp-content\/uploads\/sites\/100\/SFM-Studies-81f.pdf\" target=\"_blank\" rel=\"noopener\">https:\/\/www.unine.ch\/sfm\/wp-content\/uploads\/sites\/100\/SFM-Studies-81f.pdf<\/a><\/h3>\n<h3>Source : <a href=\"https:\/\/www.edi.admin.ch\/edi\/fr\/home\/fachstellen\/frb\/commandes-et-publications\/grundlagesstudie-zu-strukturellem-rassismus-in-der-schweiz-2022.html\" target=\"_blank\" rel=\"noopener\">https:\/\/www.edi.admin.ch\/edi\/fr\/home\/fachstellen\/frb\/commandes-et-publications\/grundlagesstudie-zu-strukturellem-rassismus-in-der-schweiz-2022.html<\/a><\/h3>\n<p><strong>Abstract: <\/strong><!--more--><\/p>\n<blockquote>\n<p>&#8220;<span id=\"page7R_mcid2\" class=\"markedContent\"><span dir=\"ltr\" role=\"presentation\">En Suisse, le racisme a longtemps \u00e9t\u00e9 consid\u00e9r\u00e9 comme un ph\u00e9nom\u00e8ne marginal confin\u00e9 \u00e0 une mouvance <\/span><span dir=\"ltr\" role=\"presentation\">professant une id\u00e9ologie extr\u00e9miste. Cette vision a beau rester tr\u00e8s r\u00e9pandue de nos jours, les milieux <\/span><span dir=\"ltr\" role=\"presentation\">s<\/span><span dir=\"ltr\" role=\"presentation\">p\u00e9cialis\u00e9s s\u2019int\u00e9ressent toujours davantage \u00e0 des formes de discrimination raciale qui touchent l\u2019ensemble <\/span><span dir=\"ltr\" role=\"presentation\">de la soci\u00e9t\u00e9 et d\u00e9coulent d\u2019une longue \u00e9volution. C\u2019est pour d\u00e9crire ces manifestations structurelles du <\/span><span dir=\"ltr\" role=\"presentation\">racisme en Suisse et favoriser un d\u00e9bat<\/span> <span dir=\"ltr\" role=\"presentation\">fac<\/span><span dir=\"ltr\" role=\"presentation\">tuel<\/span> <span dir=\"ltr\" role=\"presentation\">sur ce sujet que le Service de lutte contre le racisme (SLR) <\/span><span dir=\"ltr\" role=\"presentation\">de la Conf\u00e9d\u00e9ration a confi\u00e9 au Forum suisse pour l\u2019\u00e9tude des migrations et de la population (SFM) de <\/span><span dir=\"ltr\" role=\"presentation\">l\u2019Universit\u00e9 de Neuch\u00e2tel le mandat de dresser un \u00e9tat des lieux, sur la base de fondeme<\/span><span dir=\"ltr\" role=\"presentation\">nts th\u00e9oriques et <\/span><span dir=\"ltr\" role=\"presentation\">conceptuels, des \u00e9tudes empiriques portant sur le racisme en Suisse.<\/span><\/span>&#8220;<span id=\"page4R_mcid8\" class=\"markedContent\"><\/span><\/p>\n<\/blockquote>","protected":false},"excerpt":{"rendered":"<p>Author(s) : Leonie Mugglin, Denise Efionayi-M\u00e4der, Didier Ruedin, Gianni D&#8217;Amato&#8230;<\/p>\n","protected":false},"author":4,"featured_media":0,"comment_status":"open","ping_status":"open","sticky":false,"template":"","format":"standard","meta":{"_kadence_starter_templates_imported_post":false,"_kad_post_transparent":"","_kad_post_title":"","_kad_post_layout":"","_kad_post_sidebar_id":"","_kad_post_content_style":"","_kad_post_vertical_padding":"","_kad_post_feature":"","_kad_post_feature_position":"","_kad_post_header":false,"_kad_post_footer":false,"_kad_post_classname":"","jetpack_post_was_ever_published":false,"_jetpack_newsletter_access":"","_jetpack_dont_email_post_to_subs":false,"_jetpack_newsletter_tier_id":0,"_jetpack_memberships_contains_paywalled_content":false,"_jetpack_memberships_contains_paid_content":false,"footnotes":""},"categories":[24],"tags":[722,407,556,37,146,82,52,104,93,113,373,334,249,327,645,621,158],"class_list":["post-35099","post","type-post","status-publish","format-standard","hentry","category-society-family-racism","tag-722","tag-access-to-education","tag-access-to-health-care","tag-attitudes-towards-migrants","tag-discrimination","tag-ethnic-discrimination","tag-french-language","tag-living-conditions","tag-naturalization","tag-public-administration","tag-qualitative-research","tag-racism","tag-report","tag-research","tag-sfm-studies","tag-street-level-bureaucracy","tag-working-conditions"],"jetpack_featured_media_url":"","jetpack_sharing_enabled":true,"_links":{"self":[{"href":"https:\/\/swissmig.unine.ch\/index.php?rest_route=\/wp\/v2\/posts\/35099","targetHints":{"allow":["GET"]}}],"collection":[{"href":"https:\/\/swissmig.unine.ch\/index.php?rest_route=\/wp\/v2\/posts"}],"about":[{"href":"https:\/\/swissmig.unine.ch\/index.php?rest_route=\/wp\/v2\/types\/post"}],"author":[{"embeddable":true,"href":"https:\/\/swissmig.unine.ch\/index.php?rest_route=\/wp\/v2\/users\/4"}],"replies":[{"embeddable":true,"href":"https:\/\/swissmig.unine.ch\/index.php?rest_route=%2Fwp%2Fv2%2Fcomments&post=35099"}],"version-history":[{"count":0,"href":"https:\/\/swissmig.unine.ch\/index.php?rest_route=\/wp\/v2\/posts\/35099\/revisions"}],"wp:attachment":[{"href":"https:\/\/swissmig.unine.ch\/index.php?rest_route=%2Fwp%2Fv2%2Fmedia&parent=35099"}],"wp:term":[{"taxonomy":"category","embeddable":true,"href":"https:\/\/swissmig.unine.ch\/index.php?rest_route=%2Fwp%2Fv2%2Fcategories&post=35099"},{"taxonomy":"post_tag","embeddable":true,"href":"https:\/\/swissmig.unine.ch\/index.php?rest_route=%2Fwp%2Fv2%2Ftags&post=35099"}],"curies":[{"name":"wp","href":"https:\/\/api.w.org\/{rel}","templated":true}]}}