{"id":35089,"date":"2022-12-26T08:00:00","date_gmt":"2022-12-26T07:00:00","guid":{"rendered":"https:\/\/swissmig.wordpress.com\/?p=35089"},"modified":"2022-12-26T08:00:00","modified_gmt":"2022-12-26T07:00:00","slug":"vivre-en-centre-dhebergement-collectif-dans-lattente-dun-logement-a-soi-les-epreuves-du-provisoire-et-les-enjeux-dans-la-scolarisation-des-enfants-issus-de-l","status":"publish","type":"post","link":"https:\/\/swissmig.unine.ch\/?p=35089","title":{"rendered":"Vivre en centre d\u2019h\u00e9bergement collectif dans l\u2019attente d\u2019un \u00ab logement \u00e0 soi \u00bb : les \u00e9preuves du provisoire et les enjeux dans la scolarisation des enfants issus de l\u2019asile \/ Living in a collective accommodation center while waiting for a \u201chome of one\u2019s own\u201d: the hardships of the temporary and the challenges in the schooling of children from asylum"},"content":{"rendered":"\n<p><\/p>\n\n\n\n<p><\/p>\n\n\n\n<p><\/p>\n\n\n<h3>Author(s) : Genevi\u00e8ve Mottet<\/h3>\n<h3>Source : <a href=\"https:\/\/doi.org\/10.4000\/popvuln.3868\" target=\"_blank\" rel=\"noopener\">https:\/\/doi.org\/10.4000\/popvuln.3868<\/a><\/h3>\n<p><strong>Abstract: <\/strong><!--more--><\/p>\n<blockquote>\n<p>&#8220;Cet article \u00e9tudie les \u00e9preuves auxquelles font face les familles requ\u00e9rantes d\u2019asile ou r\u00e9fugi\u00e9es vivant en centre d\u2019h\u00e9bergement collectif (CHC) \u00e0 Gen\u00e8ve. L\u2019objectif est de saisir les exp\u00e9riences et le v\u00e9cu qu\u2019ont ces familles de leur accueil dans un syst\u00e8me d\u2019h\u00e9bergement institutionnel, de l\u2019attente d\u2019un logement ainsi que des d\u00e9m\u00e9nagements successifs qui leur sont impos\u00e9s. Les conditions de scolarisation des enfants de ces familles requ\u00e9rantes d\u2019asile et r\u00e9fugi\u00e9es sont \u00e9galement au c\u0153ur de notre analyse dans la mesure o\u00f9 les conditions de vie en CHC, les d\u00e9m\u00e9nagements successifs et les d\u00e9cisions des politiques migratoires et \u00e9ducatives impactent leur int\u00e9gration scolaire.&#8221;<\/p>\n<p><strong>Mots-cl\u00e9s<\/strong> : centre d\u2019h\u00e9bergement collectif, requ\u00e9rants d\u2019asile, familles, provisoire, scolarisation, vuln\u00e9rabilit\u00e9s<\/p>\n<p>&#8220;<span xml:lang=\"en\" lang=\"en\">This article studies the hardships faced by families seeking asylum or refugees living in collective accommodation centers (CHC) in Geneva. The objective is to capture the experiences and experiences of these families of their reception in an institutional accommodation system, the wait for housing and the successive moves that are imposed on them. The schooling conditions of the children of these asylum-seeking and refugee families are also at the heart of our analysis insofar as the living conditions in the CHC, the successive moves and the decisions of the migration and educational policies have an impact on their school integration.<\/span>&#8220;<\/p>\n<div class=\"abstractKeywords\">\n<div class=\"hlFld-KeywordText\">\n<div>\n<p class=\"kwd-title\"><strong>Keywords<\/strong>: collective accommodation center, asylum seekers, families, temporary, schooling, vulnerabilities<\/p>\n<\/div>\n<\/div>\n<\/div>\n<\/blockquote>","protected":false},"excerpt":{"rendered":"<p>Author(s) : Genevi\u00e8ve Mottet Source : https:\/\/doi.org\/10.4000\/popvuln.3868 Abstract:<\/p>\n","protected":false},"author":4,"featured_media":0,"comment_status":"open","ping_status":"open","sticky":false,"template":"","format":"standard","meta":{"_kadence_starter_templates_imported_post":false,"_kad_post_transparent":"","_kad_post_title":"","_kad_post_layout":"","_kad_post_sidebar_id":"","_kad_post_content_style":"","_kad_post_vertical_padding":"","_kad_post_feature":"","_kad_post_feature_position":"","_kad_post_header":false,"_kad_post_footer":false,"_kad_post_classname":"","jetpack_post_was_ever_published":false,"_jetpack_newsletter_access":"","_jetpack_dont_email_post_to_subs":false,"_jetpack_newsletter_tier_id":0,"_jetpack_memberships_contains_paywalled_content":false,"_jetpack_memberships_contains_paid_content":false,"footnotes":""},"categories":[61],"tags":[722,7,50,318,409,21,52,341,378,104,90,617,117,91,144],"class_list":["post-35089","post","type-post","status-publish","format-standard","hentry","category-education","tag-722","tag-article","tag-asylum-seekers","tag-children","tag-cultural-diversity","tag-family","tag-french-language","tag-geneva","tag-housing","tag-living-conditions","tag-reception-policy","tag-refugee-centres","tag-school-integration","tag-social-integration","tag-vulnerability"],"jetpack_featured_media_url":"","jetpack_sharing_enabled":true,"_links":{"self":[{"href":"https:\/\/swissmig.unine.ch\/index.php?rest_route=\/wp\/v2\/posts\/35089","targetHints":{"allow":["GET"]}}],"collection":[{"href":"https:\/\/swissmig.unine.ch\/index.php?rest_route=\/wp\/v2\/posts"}],"about":[{"href":"https:\/\/swissmig.unine.ch\/index.php?rest_route=\/wp\/v2\/types\/post"}],"author":[{"embeddable":true,"href":"https:\/\/swissmig.unine.ch\/index.php?rest_route=\/wp\/v2\/users\/4"}],"replies":[{"embeddable":true,"href":"https:\/\/swissmig.unine.ch\/index.php?rest_route=%2Fwp%2Fv2%2Fcomments&post=35089"}],"version-history":[{"count":0,"href":"https:\/\/swissmig.unine.ch\/index.php?rest_route=\/wp\/v2\/posts\/35089\/revisions"}],"wp:attachment":[{"href":"https:\/\/swissmig.unine.ch\/index.php?rest_route=%2Fwp%2Fv2%2Fmedia&parent=35089"}],"wp:term":[{"taxonomy":"category","embeddable":true,"href":"https:\/\/swissmig.unine.ch\/index.php?rest_route=%2Fwp%2Fv2%2Fcategories&post=35089"},{"taxonomy":"post_tag","embeddable":true,"href":"https:\/\/swissmig.unine.ch\/index.php?rest_route=%2Fwp%2Fv2%2Ftags&post=35089"}],"curies":[{"name":"wp","href":"https:\/\/api.w.org\/{rel}","templated":true}]}}