{"id":35077,"date":"2022-12-19T08:00:00","date_gmt":"2022-12-19T07:00:00","guid":{"rendered":"https:\/\/swissmig.wordpress.com\/?p=35077"},"modified":"2022-12-19T08:00:00","modified_gmt":"2022-12-19T07:00:00","slug":"memoires-migrantes-a-lecole-primaire-creer-des-outils-pour-lanalyse-de-sources-orales","status":"publish","type":"post","link":"https:\/\/swissmig.unine.ch\/?p=35077","title":{"rendered":"M\u00e9moires migrantes \u00e0 l\u2019\u00e9cole primaire : cr\u00e9er des outils pour l\u2019analyse de sources orales"},"content":{"rendered":"\n<p><\/p>\n\n\n\n<p><\/p>\n\n\n\n<p><\/p>\n\n\n<h3>Author(s) : Fanny Matton<\/h3>\n<h3>Source : <a href=\"https:\/\/doi.org\/10.4000\/hommesmigrations.14532\" target=\"_blank\" rel=\"noopener\">https:\/\/doi.org\/10.4000\/hommesmigrations.14532<\/a><\/h3>\n<p><strong>Abstract: <\/strong><!--more--><\/p>\n<blockquote>\n<p>&#8220;Un projet de recherche-action fond\u00e9e sur l\u2019histoire orale est propos\u00e9 dans une \u00e9cole primaire pilote genevoise. Ce travail sur la question migratoire prend acte du d\u00e9ficit d\u2019enseignement de l\u2019histoire des migrations \u00e0 l\u2019\u00e9cole en Suisse. Mobilisant des exp\u00e9riences familiales de la migration, il n\u00e9cessite le d\u00e9veloppement d\u2019outils et d\u2019activit\u00e9s d\u00e9di\u00e9s. De la cr\u00e9ation d\u2019un arbre g\u00e9n\u00e9alogique \u00e0 l\u2019analyse d\u2019images, en passant par des jeux favorisant la mise en situation, de nombreux dispositifs sont mobilis\u00e9s pour d\u00e9velopper une \u00e9criture de l\u2019histoire fond\u00e9e sur la participation.&#8221;<span id=\"page4R_mcid8\" class=\"markedContent\"><\/span><\/p>\n<\/blockquote>","protected":false},"excerpt":{"rendered":"<p>Author(s) : Fanny Matton Source : https:\/\/doi.org\/10.4000\/hommesmigrations.14532 Abstract:<\/p>\n","protected":false},"author":4,"featured_media":0,"comment_status":"open","ping_status":"open","sticky":false,"template":"","format":"standard","meta":{"_kadence_starter_templates_imported_post":false,"_kad_post_transparent":"","_kad_post_title":"","_kad_post_layout":"","_kad_post_sidebar_id":"","_kad_post_content_style":"","_kad_post_vertical_padding":"","_kad_post_feature":"","_kad_post_feature_position":"","_kad_post_header":false,"_kad_post_footer":false,"_kad_post_classname":"","jetpack_post_was_ever_published":false,"_jetpack_newsletter_access":"","_jetpack_dont_email_post_to_subs":false,"_jetpack_newsletter_tier_id":0,"_jetpack_memberships_contains_paywalled_content":false,"_jetpack_memberships_contains_paid_content":false,"footnotes":""},"categories":[61],"tags":[722,7,318,92,275,21,52,341,87,280,66,117,410],"class_list":["post-35077","post","type-post","status-publish","format-standard","hentry","category-education","tag-722","tag-article","tag-children","tag-country-of-origin","tag-educational-programmes","tag-family","tag-french-language","tag-geneva","tag-history","tag-immigration-background","tag-migration","tag-school-integration","tag-teacher-education"],"jetpack_featured_media_url":"","jetpack_sharing_enabled":true,"_links":{"self":[{"href":"https:\/\/swissmig.unine.ch\/index.php?rest_route=\/wp\/v2\/posts\/35077","targetHints":{"allow":["GET"]}}],"collection":[{"href":"https:\/\/swissmig.unine.ch\/index.php?rest_route=\/wp\/v2\/posts"}],"about":[{"href":"https:\/\/swissmig.unine.ch\/index.php?rest_route=\/wp\/v2\/types\/post"}],"author":[{"embeddable":true,"href":"https:\/\/swissmig.unine.ch\/index.php?rest_route=\/wp\/v2\/users\/4"}],"replies":[{"embeddable":true,"href":"https:\/\/swissmig.unine.ch\/index.php?rest_route=%2Fwp%2Fv2%2Fcomments&post=35077"}],"version-history":[{"count":0,"href":"https:\/\/swissmig.unine.ch\/index.php?rest_route=\/wp\/v2\/posts\/35077\/revisions"}],"wp:attachment":[{"href":"https:\/\/swissmig.unine.ch\/index.php?rest_route=%2Fwp%2Fv2%2Fmedia&parent=35077"}],"wp:term":[{"taxonomy":"category","embeddable":true,"href":"https:\/\/swissmig.unine.ch\/index.php?rest_route=%2Fwp%2Fv2%2Fcategories&post=35077"},{"taxonomy":"post_tag","embeddable":true,"href":"https:\/\/swissmig.unine.ch\/index.php?rest_route=%2Fwp%2Fv2%2Ftags&post=35077"}],"curies":[{"name":"wp","href":"https:\/\/api.w.org\/{rel}","templated":true}]}}