{"id":35074,"date":"2022-12-19T08:00:00","date_gmt":"2022-12-19T07:00:00","guid":{"rendered":"https:\/\/swissmig.wordpress.com\/?p=35074"},"modified":"2022-12-19T08:00:00","modified_gmt":"2022-12-19T07:00:00","slug":"ukrainische-fluchtlinge-in-der-schweiz-ergebnisse-einer-befragung-zu-fluchterfahrungen-und-zur-lebenssituation","status":"publish","type":"post","link":"https:\/\/swissmig.unine.ch\/?p=35074","title":{"rendered":"Ukrainische Fl\u00fcchtlinge in der Schweiz : Ergebnisse einer Befragung zu Fluchterfahrungen und zur Lebenssituation"},"content":{"rendered":"\n<p><\/p>\n\n\n\n<p><\/p>\n\n\n\n<p><\/p>\n\n\n<h3>Author(s) : Dirk Baier, Judith B\u00fchler, Andrea Barbara Hartmann<\/h3>\n<h3>Source : <a href=\"https:\/\/doi.org\/10.21256\/zhaw-26256\" target=\"_blank\" rel=\"noopener\">https:\/\/doi.org\/10.21256\/zhaw-26256<\/a><\/h3>\n<p><strong>Abstract: <\/strong><!--more--><\/p>\n<blockquote>\n<p>&#8220;Am 24. Februar 2022 begann die Invasion russischer Truppen in die Ukraine und damit ein v\u00f6lkerrechtswidriger Angriffskrieg Russlands. Als Ergebnis sind bislang zehntausende tote Menschen unter der Zivilbev\u00f6lkerung wie unter den Soldat:innen zu beklagen. Zudem sind ca. 6,3 Millionen Menschen in die europ\u00e4ischen Nachbarstaaten gefl\u00fcchtet. In der Schweiz wurden \u2013 Stand Ende November 2022 \u2013 70&#8217;000 fl\u00fcchtende Personen aus der Ukraine registriert. Hier erhalten die Gefl\u00fcchteten den sog. Schutzstatus S, d.h. ein Aufenthaltsrecht, ohne dass ein ordentliches Asylverfahren durchlaufen werden muss.3 Die starke Zuwanderung ukrainischer Fl\u00fcchtlinge stellte die Beh\u00f6rden, nicht nur in der Schweiz, vor grosse Herausforderungen, insbesondere mit Blick auf die zeitnahe, ad\u00e4quate Unterbringung und die Bereitstellung von Unterst\u00fctzung zu minimaler Integration. Nur aufgrund der Bereitschaft der Bev\u00f6lkerung, gefl\u00fcchtete Personen privat zu beherbergen, konnte die vorl\u00e4ufige Unterbringung von allen Schutzsuchenden gew\u00e4hrleistet werden. Die vorl\u00e4ufige private Unterbringung war anf\u00e4nglich auf drei Monate begrenzt und rund drei Viertel der Schutzsuchenden fanden eine Unterkunft in Privathaushalten. Allerdings finden sich Anzeichen daf\u00fcr, dass dieses private Engagement nicht dauerhaft aufrechterhalten werden kann. Im Kanton Aargau bspw. sank die Prozentzahl der Schutzsuchenden, welche privat unterbracht werden, im November auf 52 %. Die Flucht von Millionen Menschen innerhalb kurzer Zeit ist ein ungesteuerter, in Teilen chaotischer Prozess. Zu beachten dabei ist, dass insbesondere Frauen, Kinder und \u00e4ltere sowie (schwer-)kranke Menschen, d.h. sog. vulnerable Gruppen die Flucht antraten. Schon sehr bald nach Beginn der Fluchtbewegung mehrten sich dann auch die Hinweise darauf, dass diese fl\u00fcchtenden Personen erh\u00f6hten Risiken wie (sexuellen) \u00dcbergriffen, Ausbeutung und Menschenhandel ausgesetzt sind \u2013 und dies nicht nur w\u00e4hrend der Flucht, sondern auch nach der Ankunft in der Schweiz und der Unterbringung sowohl in privaten als auch in Gemeinschafts-Unterk\u00fcnften.&#8221;<\/p>\n<p><strong>Schlagw\u00f6rter<\/strong>: Ukraine;\u00a0Schweiz;\u00a0Flucht;\u00a0Fl\u00fcchtling;\u00a0Migration;\u00a0Befragung;\u00a0Studie<span id=\"page4R_mcid8\" class=\"markedContent\"><\/span><\/p>\n<\/blockquote>","protected":false},"excerpt":{"rendered":"<p>Author(s) : Dirk Baier, Judith B\u00fchler, Andrea Barbara Hartmann Source&#8230;<\/p>\n","protected":false},"author":4,"featured_media":0,"comment_status":"open","ping_status":"open","sticky":false,"template":"","format":"standard","meta":{"_kadence_starter_templates_imported_post":false,"_kad_post_transparent":"","_kad_post_title":"","_kad_post_layout":"","_kad_post_sidebar_id":"","_kad_post_content_style":"","_kad_post_vertical_padding":"","_kad_post_feature":"","_kad_post_feature_position":"","_kad_post_header":false,"_kad_post_footer":false,"_kad_post_classname":"","jetpack_post_was_ever_published":false,"_jetpack_newsletter_access":"","_jetpack_dont_email_post_to_subs":false,"_jetpack_newsletter_tier_id":0,"_jetpack_memberships_contains_paywalled_content":false,"_jetpack_memberships_contains_paid_content":false,"footnotes":""},"categories":[43],"tags":[722,318,575,613,73,98,104,122,90,617,249,91,340,25,647,677,201],"class_list":["post-35074","post","type-post","status-publish","format-standard","hentry","category-the-migration-phenomenon","tag-722","tag-children","tag-civil-society","tag-forced-migration","tag-german-language","tag-immigration-policy","tag-living-conditions","tag-migrants","tag-reception-policy","tag-refugee-centres","tag-report","tag-social-integration","tag-social-support","tag-solidarity","tag-ukrainians","tag-war","tag-women"],"jetpack_featured_media_url":"","jetpack_sharing_enabled":true,"_links":{"self":[{"href":"https:\/\/swissmig.unine.ch\/index.php?rest_route=\/wp\/v2\/posts\/35074","targetHints":{"allow":["GET"]}}],"collection":[{"href":"https:\/\/swissmig.unine.ch\/index.php?rest_route=\/wp\/v2\/posts"}],"about":[{"href":"https:\/\/swissmig.unine.ch\/index.php?rest_route=\/wp\/v2\/types\/post"}],"author":[{"embeddable":true,"href":"https:\/\/swissmig.unine.ch\/index.php?rest_route=\/wp\/v2\/users\/4"}],"replies":[{"embeddable":true,"href":"https:\/\/swissmig.unine.ch\/index.php?rest_route=%2Fwp%2Fv2%2Fcomments&post=35074"}],"version-history":[{"count":0,"href":"https:\/\/swissmig.unine.ch\/index.php?rest_route=\/wp\/v2\/posts\/35074\/revisions"}],"wp:attachment":[{"href":"https:\/\/swissmig.unine.ch\/index.php?rest_route=%2Fwp%2Fv2%2Fmedia&parent=35074"}],"wp:term":[{"taxonomy":"category","embeddable":true,"href":"https:\/\/swissmig.unine.ch\/index.php?rest_route=%2Fwp%2Fv2%2Fcategories&post=35074"},{"taxonomy":"post_tag","embeddable":true,"href":"https:\/\/swissmig.unine.ch\/index.php?rest_route=%2Fwp%2Fv2%2Ftags&post=35074"}],"curies":[{"name":"wp","href":"https:\/\/api.w.org\/{rel}","templated":true}]}}