{"id":3506,"date":"2020-02-10T09:00:38","date_gmt":"2020-02-10T08:00:38","guid":{"rendered":"https:\/\/swissmig.wordpress.com\/?p=3506"},"modified":"2020-02-10T09:00:38","modified_gmt":"2020-02-10T08:00:38","slug":"qualite-de-vie-des-personnes-agees-issues-de-limmigration-africaine-et-latino-americaine-en-suisse-cantons-de-geneve-et-vaud","status":"publish","type":"post","link":"https:\/\/swissmig.unine.ch\/?p=3506","title":{"rendered":"Qualit\u00e9 de vie des personnes \u00e2g\u00e9es issues de l&#8217;immigration africaine et latino-am\u00e9ricaine en Suisse (cantons de Gen\u00e8ve et Vaud)"},"content":{"rendered":"<h3>Author(s) : Claudio Bolzman, Th\u00e9og\u00e8ne-Octave Gakuba, Siboney Minko<\/h3>\n<h3>Source : <a href=\"https:\/\/doc.rero.ch\/record\/278780\" target=\"_blank\" rel=\"noopener\">https:\/\/doc.rero.ch\/record\/278780<\/a><\/h3>\n<p><strong>Abstract: <\/strong><!--more--><\/p>\n<blockquote><p>&#8220;Cette recherche s\u2019int\u00e9resse \u00e0 la qualit\u00e9 de vie des personnes \u00e2g\u00e9es issues de l\u2019immigration africaine et latino-am\u00e9ricaine en Suisse (Gen\u00e8ve, Vaud) dans une perspective interdisciplinaire (sociologie, psychologie, sant\u00e9). Elle se propose de r\u00e9pondre aux questions de recherche suivantes : &#8211; Quelles ont \u00e9t\u00e9 les trajectoires migratoires et socio\u00e9conomiques des personnes \u00e2g\u00e9es immigr\u00e9es d\u2019origine africaine et latino-am\u00e9ricaine en Suisse avant leur situation actuelle? &#8211; Quelles sont les conditions de vie (situation socio\u00e9conomique, conditions de logement, rapport aux administrations et aux institutions) de ces personnes en Suisse ? Existe-t-il des diff\u00e9rences ou des ressemblances entre les situations des personnes d\u2019origine africaine et celles d\u2019origine latino-am\u00e9ricaine? &#8211; Quelles sont leurs relations interpersonnelles avec leurs proches (famille, enfants), avec les membres de leur communaut\u00e9 d\u2019origine et ceux de la soci\u00e9t\u00e9 d\u2019accueil (r\u00e9seau social) ? &#8211; Quelles sont les strat\u00e9gies adopt\u00e9es par les immigr\u00e9s \u00e2g\u00e9es d\u2019origine africaine et latino-am\u00e9ricaine pour cr\u00e9er du lien social ? Comment s\u2019impliquent-ils dans les activit\u00e9s quotidiennes, associatives et citoyennes ? &#8211; Comment ces personnes per\u00e7oivent-elles leur \u00e9tat de sant\u00e9 physique et mental ? De quelles ressources personnelles et sociales disposent-elles pour faire face aux probl\u00e8mes de sant\u00e9 li\u00e9s au vieillissement ? &#8211; Dans quelle mesure utilisent-elles les services de sant\u00e9 et sociaux \u00e0 disposition ? \u00a0 \u00a0 \u00a0 \u00a0 \u00a0 \u00a0 \u00a0 \u00a0 \u00a0 &#8211; Comment per\u00e7oivent-elles leur retraite et leur vieillesse aussi bien en Suisse que dans leur pays d\u2019origine ? &#8211; Quels sont les liens qu\u2019elles entretiennent avec leur pays d\u2019origine et comment per\u00e7oivent-elles la question du retour ?&#8221;<\/p><\/blockquote>\n<p>&nbsp;<\/p>\n","protected":false},"excerpt":{"rendered":"<p>Author(s) : Claudio Bolzman, Th\u00e9og\u00e8ne-Octave Gakuba, Siboney Minko Source :&#8230;<\/p>\n","protected":false},"author":4,"featured_media":0,"comment_status":"open","ping_status":"open","sticky":false,"template":"","format":"standard","meta":{"_kadence_starter_templates_imported_post":false,"_kad_post_transparent":"","_kad_post_title":"","_kad_post_layout":"","_kad_post_sidebar_id":"","_kad_post_content_style":"","_kad_post_vertical_padding":"","_kad_post_feature":"","_kad_post_feature_position":"","_kad_post_header":false,"_kad_post_footer":false,"_kad_post_classname":"","jetpack_post_was_ever_published":false,"_jetpack_newsletter_access":"","_jetpack_dont_email_post_to_subs":false,"_jetpack_newsletter_tier_id":0,"_jetpack_memberships_contains_paywalled_content":false,"_jetpack_memberships_contains_paid_content":false,"footnotes":""},"categories":[24],"tags":[6,556,239,92,142,52,341,192,17,261,104,249,46,91,370],"class_list":["post-3506","post","type-post","status-publish","format-standard","hentry","category-society-family-racism","tag-6","tag-access-to-health-care","tag-africans","tag-country-of-origin","tag-elderly","tag-french-language","tag-geneva","tag-health-behavior","tag-immigrants","tag-latin-americans","tag-living-conditions","tag-report","tag-return-migration","tag-social-integration","tag-vaud"],"jetpack_featured_media_url":"","jetpack_sharing_enabled":true,"_links":{"self":[{"href":"https:\/\/swissmig.unine.ch\/index.php?rest_route=\/wp\/v2\/posts\/3506","targetHints":{"allow":["GET"]}}],"collection":[{"href":"https:\/\/swissmig.unine.ch\/index.php?rest_route=\/wp\/v2\/posts"}],"about":[{"href":"https:\/\/swissmig.unine.ch\/index.php?rest_route=\/wp\/v2\/types\/post"}],"author":[{"embeddable":true,"href":"https:\/\/swissmig.unine.ch\/index.php?rest_route=\/wp\/v2\/users\/4"}],"replies":[{"embeddable":true,"href":"https:\/\/swissmig.unine.ch\/index.php?rest_route=%2Fwp%2Fv2%2Fcomments&post=3506"}],"version-history":[{"count":0,"href":"https:\/\/swissmig.unine.ch\/index.php?rest_route=\/wp\/v2\/posts\/3506\/revisions"}],"wp:attachment":[{"href":"https:\/\/swissmig.unine.ch\/index.php?rest_route=%2Fwp%2Fv2%2Fmedia&parent=3506"}],"wp:term":[{"taxonomy":"category","embeddable":true,"href":"https:\/\/swissmig.unine.ch\/index.php?rest_route=%2Fwp%2Fv2%2Fcategories&post=3506"},{"taxonomy":"post_tag","embeddable":true,"href":"https:\/\/swissmig.unine.ch\/index.php?rest_route=%2Fwp%2Fv2%2Ftags&post=3506"}],"curies":[{"name":"wp","href":"https:\/\/api.w.org\/{rel}","templated":true}]}}