{"id":35048,"date":"2022-12-05T08:00:00","date_gmt":"2022-12-05T07:00:00","guid":{"rendered":"https:\/\/swissmig.wordpress.com\/?p=35048"},"modified":"2022-12-05T08:00:00","modified_gmt":"2022-12-05T07:00:00","slug":"naive-or-persistent-optimism-the-changing-vocational-aspirations-of-children-of-immigrants-at-the-transition-from-school-to-work","status":"publish","type":"post","link":"https:\/\/swissmig.unine.ch\/?p=35048","title":{"rendered":"Na\u00efve or Persistent Optimism? The Changing Vocational Aspirations of Children of Immigrants at the Transition from School to Work"},"content":{"rendered":"<h3>Author(s) : Sara M\u00f6ser<\/h3>\n<h3>Source : <a href=\"https:\/\/doi.org\/10.2478\/sjs-2022-0015\" target=\"_blank\" rel=\"noopener\">https:\/\/doi.org\/10.2478\/sjs-2022-0015<\/a><\/h3>\n<p><strong>Abstract: <\/strong><!--more--><\/p>\n<blockquote><p>&#8220;Children of immigrants are found to have higher aspirations than their native peers, despite lower educational outcomes and poor labour market opportunities. Analysing the development of aspirations shows that students with a migration background not only aim high while still in compulsory education, but also stay optimistic. This persistent optimism indicates that the high aspirations are not the result of a na\u00efve misconception of labour market opportunities, but that the children of immigrants are inherently more ambitious than their native peers.&#8221;<\/p>\n<div class=\"abstractKeywords\">\n<div class=\"hlFld-KeywordText\">\n<div>\n<p id=\"kwd-title-_i2\" class=\"kwd-title\"><strong>Keywords<\/strong>: vocational aspirations, development of aspirations, longitudinal data<\/p>\n<p>&#8220;Trotz geringer Bildungserfolge und schlechten Arbeitsmarktchancen haben Kinder von Migrant:innen h\u00f6here Aspirationen als deren einheimische Peers. Dieser Beitrag zeigt, dass Sch\u00fcler:innen mit Migrationshintergrund nicht nur w\u00e4hrend der obligatorischen Schulzeit hohe Ziele haben, sondern langfristig optimistisch bleiben. Dieser anhaltende Optimismus deutet darauf hin, dass die hohen Aspirationen nicht als Resultat einer naiven Fehleinsch\u00e4tzung von Arbeitsmarktchancen abgetan werden k\u00f6nnen, sondern, dass Kinder von Migrant:innen grunds\u00e4tzlich ambitionierter sind.&#8221;<\/p>\n<p><strong>Schl\u00fcsselw\u00f6rter<\/strong>: Berufsaspirationen, Entwicklung von Aspirationen, L\u00e4ngsschnittdatenanalyse<\/p>\n<p>&#8220;En d\u00e9pit d\u2019un mauvais niveau d\u2019\u00e9ducation et de faibles opportunit\u00e9s sur le march\u00e9 du travail, les enfants de migrantes et migrants ont des aspirations plus \u00e9lev\u00e9es que leurs pairs natifs. Cet article montre que les \u00e9l\u00e8ves issus de l\u2019immigration ont non seulement des aspirations \u00e9lev\u00e9es pendant l\u2019enseignement obligatoire, mais qu\u2019ils restent optimistes sur le long terme. Cet optimisme durable montre que leur ambition n\u2019est pas due \u00e0 une conception na\u00efve du monde du travail, mais que les enfants issus de l\u2019immigration sont intrins\u00e8quement plus ambitieux que leurs pairs natifs.&#8221;<\/p>\n<p><strong>Mots-cl\u00e9s<\/strong> : aspirations professionnelles, \u00e9volution des aspirations, donn\u00e9es longitudinales<\/p>\n<\/div>\n<\/div>\n<\/div>\n<\/blockquote>\n","protected":false},"excerpt":{"rendered":"<p>Author(s) : Sara M\u00f6ser Source : https:\/\/doi.org\/10.2478\/sjs-2022-0015 Abstract:<\/p>\n","protected":false},"author":4,"featured_media":0,"comment_status":"open","ping_status":"open","sticky":false,"template":"","format":"standard","meta":{"_kadence_starter_templates_imported_post":false,"_kad_post_transparent":"","_kad_post_title":"","_kad_post_layout":"","_kad_post_sidebar_id":"","_kad_post_content_style":"","_kad_post_vertical_padding":"","_kad_post_feature":"","_kad_post_feature_position":"","_kad_post_header":false,"_kad_post_footer":false,"_kad_post_classname":"","jetpack_post_was_ever_published":false,"_jetpack_newsletter_access":"","_jetpack_dont_email_post_to_subs":false,"_jetpack_newsletter_tier_id":0,"_jetpack_memberships_contains_paywalled_content":false,"_jetpack_memberships_contains_paid_content":false,"footnotes":""},"categories":[61],"tags":[722,362,7,281,318,57,9,80,280,19,122,490,81,145,125,290,371,118],"class_list":["post-35048","post","type-post","status-publish","format-standard","hentry","category-education","tag-722","tag-access-to-employment","tag-article","tag-belonging","tag-children","tag-comparative-analysis","tag-english-language","tag-higher-education","tag-immigration-background","tag-labour-market","tag-migrants","tag-school-attainment","tag-school-success","tag-second-generation","tag-social-capital","tag-students","tag-vocational-training","tag-youth"],"jetpack_featured_media_url":"","jetpack_sharing_enabled":true,"_links":{"self":[{"href":"https:\/\/swissmig.unine.ch\/index.php?rest_route=\/wp\/v2\/posts\/35048","targetHints":{"allow":["GET"]}}],"collection":[{"href":"https:\/\/swissmig.unine.ch\/index.php?rest_route=\/wp\/v2\/posts"}],"about":[{"href":"https:\/\/swissmig.unine.ch\/index.php?rest_route=\/wp\/v2\/types\/post"}],"author":[{"embeddable":true,"href":"https:\/\/swissmig.unine.ch\/index.php?rest_route=\/wp\/v2\/users\/4"}],"replies":[{"embeddable":true,"href":"https:\/\/swissmig.unine.ch\/index.php?rest_route=%2Fwp%2Fv2%2Fcomments&post=35048"}],"version-history":[{"count":0,"href":"https:\/\/swissmig.unine.ch\/index.php?rest_route=\/wp\/v2\/posts\/35048\/revisions"}],"wp:attachment":[{"href":"https:\/\/swissmig.unine.ch\/index.php?rest_route=%2Fwp%2Fv2%2Fmedia&parent=35048"}],"wp:term":[{"taxonomy":"category","embeddable":true,"href":"https:\/\/swissmig.unine.ch\/index.php?rest_route=%2Fwp%2Fv2%2Fcategories&post=35048"},{"taxonomy":"post_tag","embeddable":true,"href":"https:\/\/swissmig.unine.ch\/index.php?rest_route=%2Fwp%2Fv2%2Ftags&post=35048"}],"curies":[{"name":"wp","href":"https:\/\/api.w.org\/{rel}","templated":true}]}}